
{"id":108757,"date":"2023-04-02T20:06:59","date_gmt":"2023-04-02T23:06:59","guid":{"rendered":"https:\/\/www.sudoestehoje.com.br\/novoportal\/?p=108757"},"modified":"2023-04-04T08:29:12","modified_gmt":"2023-04-04T11:29:12","slug":"chuva-forte-com-relampagos-e-trovoadas-cai-sobre-itapetinga-na-noite-deste-domingo","status":"publish","type":"post","link":"https:\/\/www.sudoestehoje.com.br\/novoportal\/2023\/04\/02\/chuva-forte-com-relampagos-e-trovoadas-cai-sobre-itapetinga-na-noite-deste-domingo\/","title":{"rendered":"CHUVA FORTE COM REL\u00c2MPAGOS E TROVOADAS CAI SOBRE ITAPETINGA NA NOITE DESTE DOMINGO"},"content":{"rendered":"<p><a href=\"https:\/\/www.sudoestehoje.com.br\/novoportal\/wp-content\/uploads\/2023\/04\/WhatsApp-Image-2023-04-02-at-19.59.34.jpeg\"><img loading=\"lazy\" decoding=\"async\" class=\"aligncenter wp-image-108760\" src=\"https:\/\/www.sudoestehoje.com.br\/novoportal\/wp-content\/uploads\/2023\/04\/WhatsApp-Image-2023-04-02-at-19.59.34.jpeg\" alt=\"\" width=\"500\" height=\"282\" \/><\/a><\/p>\n<p><strong><em>Uma forte chuva acompanhada de rel\u00e2mpagos e trovoadas, acaba de cair sobre Itapetinga, nesta noite de domingo (2), surpreendendo e assustando a popula\u00e7\u00e3o da cidade, depois de um dia ensolarado.<\/em><\/strong><\/p>\n<p><strong><em>As pancadas de chuva, neste per\u00edodo do ano, s\u00e3o comuns na regi\u00e3o agropastoril de Itapetinga, trazendo esperan\u00e7a de um inverno menos seco. Os produtores rurais comemoram.<\/em><\/strong><\/p>\n<p><strong><em>Na zona urbana da cidade, nenhum transtorno ou preju\u00edzos aos moradores foi verificado pela Defesa Civil, at\u00e9 o momento.\u00a0<\/em><\/strong><\/p>\n<p><strong>Em alguns pontos da cidade, \u00e1rvores foram arrancadas pelo temporal.<\/strong><\/p>\n<p><strong><em>Por Davi Ferraz<\/em><\/strong><\/p>\n","protected":false},"excerpt":{"rendered":"<p>Uma forte chuva acompanhada de rel\u00e2mpagos e trovoadas, acaba de cair sobre Itapetinga, nesta noite de domingo (2), surpreendendo e assustando a popula\u00e7\u00e3o da cidade, depois de um dia ensolarado. As pancadas de chuva, neste per\u00edodo do ano, s\u00e3o comuns na regi\u00e3o agropastoril de Itapetinga, trazendo esperan\u00e7a de um inverno menos seco. Os produtores rurais [&hellip;]<\/p>\n","protected":false},"author":2,"featured_media":108760,"comment_status":"closed","ping_status":"open","sticky":false,"template":"","format":"standard","meta":{"footnotes":"","_links_to":"","_links_to_target":""},"categories":[1],"tags":[],"class_list":["post-108757","post","type-post","status-publish","format-standard","has-post-thumbnail","hentry","category-geral"],"views":2451,"_links":{"self":[{"href":"https:\/\/www.sudoestehoje.com.br\/novoportal\/wp-json\/wp\/v2\/posts\/108757","targetHints":{"allow":["GET"]}}],"collection":[{"href":"https:\/\/www.sudoestehoje.com.br\/novoportal\/wp-json\/wp\/v2\/posts"}],"about":[{"href":"https:\/\/www.sudoestehoje.com.br\/novoportal\/wp-json\/wp\/v2\/types\/post"}],"author":[{"embeddable":true,"href":"https:\/\/www.sudoestehoje.com.br\/novoportal\/wp-json\/wp\/v2\/users\/2"}],"replies":[{"embeddable":true,"href":"https:\/\/www.sudoestehoje.com.br\/novoportal\/wp-json\/wp\/v2\/comments?post=108757"}],"version-history":[{"count":2,"href":"https:\/\/www.sudoestehoje.com.br\/novoportal\/wp-json\/wp\/v2\/posts\/108757\/revisions"}],"predecessor-version":[{"id":108761,"href":"https:\/\/www.sudoestehoje.com.br\/novoportal\/wp-json\/wp\/v2\/posts\/108757\/revisions\/108761"}],"wp:featuredmedia":[{"embeddable":true,"href":"https:\/\/www.sudoestehoje.com.br\/novoportal\/wp-json\/wp\/v2\/media\/108760"}],"wp:attachment":[{"href":"https:\/\/www.sudoestehoje.com.br\/novoportal\/wp-json\/wp\/v2\/media?parent=108757"}],"wp:term":[{"taxonomy":"category","embeddable":true,"href":"https:\/\/www.sudoestehoje.com.br\/novoportal\/wp-json\/wp\/v2\/categories?post=108757"},{"taxonomy":"post_tag","embeddable":true,"href":"https:\/\/www.sudoestehoje.com.br\/novoportal\/wp-json\/wp\/v2\/tags?post=108757"}],"curies":[{"name":"wp","href":"https:\/\/api.w.org\/{rel}","templated":true}]}}