
{"id":108745,"date":"2023-04-02T19:02:26","date_gmt":"2023-04-02T22:02:26","guid":{"rendered":"https:\/\/www.sudoestehoje.com.br\/novoportal\/?p=108745"},"modified":"2023-04-04T08:29:25","modified_gmt":"2023-04-04T11:29:25","slug":"maiquinique-tse-confirma-que-jesulino-e-zaza-estao-inelegiveis-por-8-anos","status":"publish","type":"post","link":"https:\/\/www.sudoestehoje.com.br\/novoportal\/2023\/04\/02\/maiquinique-tse-confirma-que-jesulino-e-zaza-estao-inelegiveis-por-8-anos\/","title":{"rendered":"MAIQUINIQUE | XAND\u00c3O CONFIRMA QUE JESULINO E ZAZA EST\u00c3O INELEG\u00cdVEIS POR 8 ANOS"},"content":{"rendered":"<p><a href=\"https:\/\/www.sudoestehoje.com.br\/novoportal\/wp-content\/uploads\/2023\/04\/download-1.jpg\"><img loading=\"lazy\" decoding=\"async\" class=\"aligncenter wp-image-108748\" src=\"https:\/\/www.sudoestehoje.com.br\/novoportal\/wp-content\/uploads\/2023\/04\/download-1.jpg\" alt=\"\" width=\"501\" height=\"314\" \/><\/a><\/p>\n<p style=\"font-weight: 400;\"><strong>O Tribunal Superior Eleitoral rejeitou recurso e confirmou a inelegibilidade por oito anos, do ex-prefeito de Maiquinique, no Centro Sul Baiano, Jesulino de Souza Porto, e da ex-vice prefeita, Marizene Santos Gusm\u00e3o, na sexta-feira (31).\u00a0<\/strong><\/p>\n<p style=\"font-weight: 400;\"><strong>Jesulino e Marizene foram eleitos nas Elei\u00e7\u00f5es 2020 e a chapa que foi derrotada ingressou com um pedido de cassa\u00e7\u00e3o apontando abuso de poder econ\u00f4mico e capta\u00e7\u00e3o il\u00edcita de votos.\u00a0<\/strong><\/p>\n<p style=\"font-weight: 400;\"><strong>A ju\u00edza Giselle de F\u00e1tima Cunha Guimar\u00e3es Ribeiro, da 91\u00aa Zona Eleitoral da Comarca de Macarani, acolheu o pedido, cassou os diplomas de Jesulino e Marizene e declarou a inelegibilidade dos dois por oito anos. O Tribunal Regional Eleitoral da Bahia confirmou a decis\u00e3o. O TSE tamb\u00e9m manteve as decis\u00f5es.\u00a0<\/strong><\/p>\n<p style=\"font-weight: 400;\"><strong>O relator, ministro Alexandre de Moraes, destacou que houve \u201cflagrante viola\u00e7\u00e3o ao princ\u00edpio da paridade de armas, afetando a normalidade e a legitimidade das elei\u00e7\u00f5es\u201d.\u00a0<\/strong><\/p>\n<p style=\"font-weight: 400;\"><strong>Em novo recurso do TSE, Jesulino e Marizene tentaram derrubar a inelegibilidade, por\u00e9m, o ministro relator negou o pedido. Moraes foi seguido, de forma un\u00e2nime, pelos ministros Ricardo Lewandowski, C\u00e1rmen L\u00facia, Benedito Gon\u00e7alves, Raul Ara\u00fajo, S\u00e9rgio Banhos e Carlos Horbach.\u00a0<\/strong><\/p>\n<p style=\"font-weight: 400;\"><strong>Nas Elei\u00e7\u00f5es Suplementares 2022 Val\u00e9ria Ferreira Silveira Moreira, da coliga\u00e7\u00e3o \u201cUnidos por Maiquinique\u201c, foi eleita prefeita do Munic\u00edpio de Maiquinique em novembro do ano passado.<\/strong><\/p>\n","protected":false},"excerpt":{"rendered":"<p>O Tribunal Superior Eleitoral rejeitou recurso e confirmou a inelegibilidade por oito anos, do ex-prefeito de Maiquinique, no Centro Sul Baiano, Jesulino de Souza Porto, e da ex-vice prefeita, Marizene Santos Gusm\u00e3o, na sexta-feira (31).\u00a0 Jesulino e Marizene foram eleitos nas Elei\u00e7\u00f5es 2020 e a chapa que foi derrotada ingressou com um pedido de cassa\u00e7\u00e3o [&hellip;]<\/p>\n","protected":false},"author":2,"featured_media":108748,"comment_status":"closed","ping_status":"open","sticky":false,"template":"","format":"standard","meta":{"footnotes":"","_links_to":"","_links_to_target":""},"categories":[1],"tags":[],"class_list":["post-108745","post","type-post","status-publish","format-standard","has-post-thumbnail","hentry","category-geral"],"views":753,"_links":{"self":[{"href":"https:\/\/www.sudoestehoje.com.br\/novoportal\/wp-json\/wp\/v2\/posts\/108745","targetHints":{"allow":["GET"]}}],"collection":[{"href":"https:\/\/www.sudoestehoje.com.br\/novoportal\/wp-json\/wp\/v2\/posts"}],"about":[{"href":"https:\/\/www.sudoestehoje.com.br\/novoportal\/wp-json\/wp\/v2\/types\/post"}],"author":[{"embeddable":true,"href":"https:\/\/www.sudoestehoje.com.br\/novoportal\/wp-json\/wp\/v2\/users\/2"}],"replies":[{"embeddable":true,"href":"https:\/\/www.sudoestehoje.com.br\/novoportal\/wp-json\/wp\/v2\/comments?post=108745"}],"version-history":[{"count":5,"href":"https:\/\/www.sudoestehoje.com.br\/novoportal\/wp-json\/wp\/v2\/posts\/108745\/revisions"}],"predecessor-version":[{"id":108752,"href":"https:\/\/www.sudoestehoje.com.br\/novoportal\/wp-json\/wp\/v2\/posts\/108745\/revisions\/108752"}],"wp:featuredmedia":[{"embeddable":true,"href":"https:\/\/www.sudoestehoje.com.br\/novoportal\/wp-json\/wp\/v2\/media\/108748"}],"wp:attachment":[{"href":"https:\/\/www.sudoestehoje.com.br\/novoportal\/wp-json\/wp\/v2\/media?parent=108745"}],"wp:term":[{"taxonomy":"category","embeddable":true,"href":"https:\/\/www.sudoestehoje.com.br\/novoportal\/wp-json\/wp\/v2\/categories?post=108745"},{"taxonomy":"post_tag","embeddable":true,"href":"https:\/\/www.sudoestehoje.com.br\/novoportal\/wp-json\/wp\/v2\/tags?post=108745"}],"curies":[{"name":"wp","href":"https:\/\/api.w.org\/{rel}","templated":true}]}}