
{"id":108732,"date":"2023-04-02T09:31:26","date_gmt":"2023-04-02T12:31:26","guid":{"rendered":"https:\/\/www.sudoestehoje.com.br\/novoportal\/?p=108732"},"modified":"2023-04-04T08:30:04","modified_gmt":"2023-04-04T11:30:04","slug":"justica-manda-prender-abraao-santos-presidente-da-camara-de-ilheus","status":"publish","type":"post","link":"https:\/\/www.sudoestehoje.com.br\/novoportal\/2023\/04\/02\/justica-manda-prender-abraao-santos-presidente-da-camara-de-ilheus\/","title":{"rendered":"JUSTI\u00c7A MANDA PRENDER ABRA\u00c3O SANTOS, PRESIDENTE DA C\u00c2MARA DE ILH\u00c9US"},"content":{"rendered":"<p><strong><a href=\"https:\/\/www.sudoestehoje.com.br\/novoportal\/wp-content\/uploads\/2023\/04\/abraao-santos.jpg\"><img loading=\"lazy\" decoding=\"async\" class=\"aligncenter size-medium wp-image-108733\" src=\"https:\/\/www.sudoestehoje.com.br\/novoportal\/wp-content\/uploads\/2023\/04\/abraao-santos-500x291.jpg\" alt=\"\" width=\"500\" height=\"291\" srcset=\"https:\/\/www.sudoestehoje.com.br\/novoportal\/wp-content\/uploads\/2023\/04\/abraao-santos-500x291.jpg 500w, https:\/\/www.sudoestehoje.com.br\/novoportal\/wp-content\/uploads\/2023\/04\/abraao-santos-700x407.jpg 700w, https:\/\/www.sudoestehoje.com.br\/novoportal\/wp-content\/uploads\/2023\/04\/abraao-santos-768x447.jpg 768w, https:\/\/www.sudoestehoje.com.br\/novoportal\/wp-content\/uploads\/2023\/04\/abraao-santos.jpg 787w\" sizes=\"auto, (max-width: 500px) 100vw, 500px\" \/><\/a><\/strong><\/p>\n<p><strong>O juiz Alex Ven\u00edcius Campos Miranda, titular da Vara da Fazenda P\u00fablica de Ilh\u00e9us, determinou a pris\u00e3o em flagrante do vereador Abra\u00e3o Santos (PDT). Eleito presidente da C\u00e2mara de Ilh\u00e9us em dezembro passado, Abra\u00e3o \u00e9 acusado de usar o aparato do Poder Legislativo para obstruir o cumprimento de outra decis\u00e3o do mesmo magistrado, que, na \u00faltima quinta-feira (30), suspendeu o pleito que conduziu o parlamentar \u00e0 presid\u00eancia da Casa (<a href=\"https:\/\/pimenta.blog.br\/2023\/03\/31\/juiz-ve-balburdia-procedimental-e-suspende-eleicao-da-camara-de-ilheus\/\" target=\"_blank\" rel=\"noopener\">relembre<\/a>).<\/strong><\/p>\n<p><strong>Ap\u00f3s a suspens\u00e3o da elei\u00e7\u00e3o, o presidente baixou portaria suspendendo o expediente da C\u00e2mara de sexta-feira (31) a segunda-feira (3), alegando que o pr\u00e9dio do Legislativo seria dedetizado. Suspeitando de desvio de finalidade do ato, o juiz Alex Ven\u00edcius inspecionou a sede da C\u00e2mara, colheu relatos sobre a dedetiza\u00e7\u00e3o e concluiu que Abra\u00e3o contratou o servi\u00e7o \u00e0s pressas como forma de justificar o fechamento do pr\u00e9dio e, desse modo, tentar impedir o cumprimento da decis\u00e3o judicial do dia 30.<\/strong><\/p>\n<p><strong>No entendimento do juiz, a conduta do vereador deve ser enquadrada como crime de falsidade ideol\u00f3gica em documento p\u00fablico. O titular da Vara da Fazenda P\u00fablica tamb\u00e9m constatou que equipamentos de seguran\u00e7a da C\u00e2mara, a exemplo dos extintores de inc\u00eandio, est\u00e3o irregulares. Al\u00e9m disso, segundo o juiz, h\u00e1 risco de intoxica\u00e7\u00e3o no pr\u00e9dio, que s\u00f3 poder\u00e1 ser reaberto ap\u00f3s avalia\u00e7\u00e3o da Vigil\u00e2ncia Sanit\u00e1ria e\/ou Corpo de Bombeiros.<\/strong><\/p>\n<p><strong><span class=\"fontstyle0\">\u201cA demanda que, at\u00e9 ent\u00e3o, versava sobre uma simples quest\u00e3o regimental, pela irresponsabilidade e falta de esp\u00edrito com a coisa p\u00fablica, tomou propor\u00e7\u00f5es de poss\u00edvel crime contra a sa\u00fade p\u00fablica da cidade de Ilh\u00e9us\u201d, escreveu o juiz.\u00a0<\/span><span class=\"fontstyle0\">Mais \u00e0 frente, acionando a Pol\u00edcia Civil e o comando da Pol\u00edcia Militar, o magistrado informa \u00e0s autoridades do Estado que o vereador Abra\u00e3o est\u00e1 em flagrante delito e deve ser preso.<\/span><\/strong><\/p>\n<div class=\"g g-4\">\n<div class=\"g-single a-61\">\n<p><strong><img loading=\"lazy\" decoding=\"async\" class=\"wp-image-315167\" src=\"https:\/\/pimenta.blog.br\/wp-content\/uploads\/2023\/04\/abraao-justica.jpg\" sizes=\"auto, (max-width: 580px) 100vw, 580px\" srcset=\"https:\/\/pimenta.blog.br\/wp-content\/uploads\/2023\/04\/abraao-justica.jpg 866w, https:\/\/pimenta.blog.br\/wp-content\/uploads\/2023\/04\/abraao-justica-300x131.jpg 300w, https:\/\/pimenta.blog.br\/wp-content\/uploads\/2023\/04\/abraao-justica-768x334.jpg 768w\" alt=\"\" width=\"580\" height=\"252\" \/><\/strong><\/p>\n<\/div>\n<\/div>\n<figure id=\"attachment_315167\" class=\"wp-caption aligncenter\" aria-describedby=\"caption-attachment-315167\"><figcaption id=\"caption-attachment-315167\" class=\"wp-caption-text\"><strong>Trecho do despacho da Vara da Fazenda P\u00fablica de Ilh\u00e9us<\/strong><\/figcaption><\/figure>\n<p><strong>\u201cABSURDOS E IRRESPONSABILIDADE\u201d<\/strong><\/p>\n<p><strong>No mesmo despacho, o juiz Alex Ven\u00edcius Campos Miranda chama aten\u00e7\u00e3o da sociedade para a forma absurda e irrespons\u00e1vel como, segundo ele, a m\u00e1quina p\u00fablica foi conduzida neste caso.<\/strong><\/p>\n<p><strong>\u2013 Veja o grau dos absurdos e da irresponsabilidade com a coisa p\u00fablica: I) publica-se uma portaria para obstar o cumprimento de uma decis\u00e3o judicial; ii) suspende-se o expediente, prejudicando a popula\u00e7\u00e3o; iii) deixa os servidores ganhando sem trabalhar; e iv) gasta-se o dinheiro p\u00fablico para falsear a mentira, contratando uma empresa sem licita\u00e7\u00e3o, sem qualquer controle, v) colocando em risco a vida\/sa\u00fade de todos os cidad\u00e3os que precisam do servi\u00e7o da C\u00e2mara Municipal de Ilh\u00e9us. E agora, pelo grau de intoxica\u00e7\u00e3o que esses produtos podem causar, ningu\u00e9m sabe quando o pr\u00e9dio poder\u00e1 voltar a ser liberado \u2013 escreveu o magistrado. \/\/<em> Do Pimenta<\/em><\/strong><\/p>\n","protected":false},"excerpt":{"rendered":"<p>O juiz Alex Ven\u00edcius Campos Miranda, titular da Vara da Fazenda P\u00fablica de Ilh\u00e9us, determinou a pris\u00e3o em flagrante do vereador Abra\u00e3o Santos (PDT). Eleito presidente da C\u00e2mara de Ilh\u00e9us em dezembro passado, Abra\u00e3o \u00e9 acusado de usar o aparato do Poder Legislativo para obstruir o cumprimento de outra decis\u00e3o do mesmo magistrado, que, na [&hellip;]<\/p>\n","protected":false},"author":2,"featured_media":108733,"comment_status":"closed","ping_status":"open","sticky":false,"template":"","format":"standard","meta":{"footnotes":"","_links_to":"","_links_to_target":""},"categories":[1],"tags":[],"class_list":["post-108732","post","type-post","status-publish","format-standard","has-post-thumbnail","hentry","category-geral"],"views":872,"_links":{"self":[{"href":"https:\/\/www.sudoestehoje.com.br\/novoportal\/wp-json\/wp\/v2\/posts\/108732","targetHints":{"allow":["GET"]}}],"collection":[{"href":"https:\/\/www.sudoestehoje.com.br\/novoportal\/wp-json\/wp\/v2\/posts"}],"about":[{"href":"https:\/\/www.sudoestehoje.com.br\/novoportal\/wp-json\/wp\/v2\/types\/post"}],"author":[{"embeddable":true,"href":"https:\/\/www.sudoestehoje.com.br\/novoportal\/wp-json\/wp\/v2\/users\/2"}],"replies":[{"embeddable":true,"href":"https:\/\/www.sudoestehoje.com.br\/novoportal\/wp-json\/wp\/v2\/comments?post=108732"}],"version-history":[{"count":4,"href":"https:\/\/www.sudoestehoje.com.br\/novoportal\/wp-json\/wp\/v2\/posts\/108732\/revisions"}],"predecessor-version":[{"id":108737,"href":"https:\/\/www.sudoestehoje.com.br\/novoportal\/wp-json\/wp\/v2\/posts\/108732\/revisions\/108737"}],"wp:featuredmedia":[{"embeddable":true,"href":"https:\/\/www.sudoestehoje.com.br\/novoportal\/wp-json\/wp\/v2\/media\/108733"}],"wp:attachment":[{"href":"https:\/\/www.sudoestehoje.com.br\/novoportal\/wp-json\/wp\/v2\/media?parent=108732"}],"wp:term":[{"taxonomy":"category","embeddable":true,"href":"https:\/\/www.sudoestehoje.com.br\/novoportal\/wp-json\/wp\/v2\/categories?post=108732"},{"taxonomy":"post_tag","embeddable":true,"href":"https:\/\/www.sudoestehoje.com.br\/novoportal\/wp-json\/wp\/v2\/tags?post=108732"}],"curies":[{"name":"wp","href":"https:\/\/api.w.org\/{rel}","templated":true}]}}