
{"id":108724,"date":"2023-04-01T18:58:27","date_gmt":"2023-04-01T21:58:27","guid":{"rendered":"https:\/\/www.sudoestehoje.com.br\/novoportal\/?p=108724"},"modified":"2023-04-04T08:30:24","modified_gmt":"2023-04-04T11:30:24","slug":"itapetinga-atracoes-do-sao-joao-da-lagoa-serao-anunciadas-a-partir-de-abril","status":"publish","type":"post","link":"https:\/\/www.sudoestehoje.com.br\/novoportal\/2023\/04\/01\/itapetinga-atracoes-do-sao-joao-da-lagoa-serao-anunciadas-a-partir-de-abril\/","title":{"rendered":"ITAPETINGA | ATRA\u00c7\u00d5ES DO S\u00c3O JO\u00c3O DA LAGOA SER\u00c3O ANUNCIADAS A PARTIR DE ABRIL"},"content":{"rendered":"<p><a href=\"https:\/\/www.sudoestehoje.com.br\/novoportal\/wp-content\/uploads\/2023\/04\/sao_joao_de_itapetinga-1446735197-674-e-500x400-crop.jpg\"><img loading=\"lazy\" decoding=\"async\" class=\"aligncenter size-full wp-image-108725\" src=\"https:\/\/www.sudoestehoje.com.br\/novoportal\/wp-content\/uploads\/2023\/04\/sao_joao_de_itapetinga-1446735197-674-e-500x400-crop.jpg\" alt=\"\" width=\"492\" height=\"290\" \/><\/a><\/p>\n<p>Uma das festas mais tradicionais de Itapetinga e regi\u00e3o, o S\u00e3o Jo\u00e3o da Pecu\u00e1ria, realizado no Parque da Lagoa, est\u00e1 confirmado para 2023, com atra\u00e7\u00f5es de peso, como acontece todo ano, na atual administra\u00e7\u00e3o.<\/p>\n<p>Com a proximidade da festa que se realiza em junho, equipe da secretaria de cultura j\u00e1 se preocupa com o evento e deve iniciar a prospec\u00e7\u00e3o de boas atra\u00e7\u00f5es, que dever\u00e3o ser anunciadas no decorrer de abril e maio, no mais tardar durante a Exposi\u00e7\u00e3o Agropecu\u00e1ria, em meados de maio.<\/p>\n<p>O blog apurou tamb\u00e9m que as principais bandas e cantores ser\u00e3o anunciadas pelo pr\u00f3prio prefeito Rodrigo Hagge, em evento exclusivo a ser realizado no Parque de Exposi\u00e7\u00f5es Juvino Oliveira, durante a feira agropecu\u00e1ria.<\/p>\n<p>Vai ser um fest\u00e3o.<\/p>\n<p><strong><em>Por Davi Ferraz\u00a0<\/em><\/strong><\/p>\n","protected":false},"excerpt":{"rendered":"<p>Uma das festas mais tradicionais de Itapetinga e regi\u00e3o, o S\u00e3o Jo\u00e3o da Pecu\u00e1ria, realizado no Parque da Lagoa, est\u00e1 confirmado para 2023, com atra\u00e7\u00f5es de peso, como acontece todo ano, na atual administra\u00e7\u00e3o. Com a proximidade da festa que se realiza em junho, equipe da secretaria de cultura j\u00e1 se preocupa com o evento [&hellip;]<\/p>\n","protected":false},"author":2,"featured_media":108725,"comment_status":"closed","ping_status":"open","sticky":false,"template":"","format":"standard","meta":{"footnotes":"","_links_to":"","_links_to_target":""},"categories":[1],"tags":[],"class_list":["post-108724","post","type-post","status-publish","format-standard","has-post-thumbnail","hentry","category-geral"],"views":4969,"_links":{"self":[{"href":"https:\/\/www.sudoestehoje.com.br\/novoportal\/wp-json\/wp\/v2\/posts\/108724","targetHints":{"allow":["GET"]}}],"collection":[{"href":"https:\/\/www.sudoestehoje.com.br\/novoportal\/wp-json\/wp\/v2\/posts"}],"about":[{"href":"https:\/\/www.sudoestehoje.com.br\/novoportal\/wp-json\/wp\/v2\/types\/post"}],"author":[{"embeddable":true,"href":"https:\/\/www.sudoestehoje.com.br\/novoportal\/wp-json\/wp\/v2\/users\/2"}],"replies":[{"embeddable":true,"href":"https:\/\/www.sudoestehoje.com.br\/novoportal\/wp-json\/wp\/v2\/comments?post=108724"}],"version-history":[{"count":3,"href":"https:\/\/www.sudoestehoje.com.br\/novoportal\/wp-json\/wp\/v2\/posts\/108724\/revisions"}],"predecessor-version":[{"id":108728,"href":"https:\/\/www.sudoestehoje.com.br\/novoportal\/wp-json\/wp\/v2\/posts\/108724\/revisions\/108728"}],"wp:featuredmedia":[{"embeddable":true,"href":"https:\/\/www.sudoestehoje.com.br\/novoportal\/wp-json\/wp\/v2\/media\/108725"}],"wp:attachment":[{"href":"https:\/\/www.sudoestehoje.com.br\/novoportal\/wp-json\/wp\/v2\/media?parent=108724"}],"wp:term":[{"taxonomy":"category","embeddable":true,"href":"https:\/\/www.sudoestehoje.com.br\/novoportal\/wp-json\/wp\/v2\/categories?post=108724"},{"taxonomy":"post_tag","embeddable":true,"href":"https:\/\/www.sudoestehoje.com.br\/novoportal\/wp-json\/wp\/v2\/tags?post=108724"}],"curies":[{"name":"wp","href":"https:\/\/api.w.org\/{rel}","templated":true}]}}