
{"id":108715,"date":"2023-03-31T00:06:36","date_gmt":"2023-03-31T03:06:36","guid":{"rendered":"https:\/\/www.sudoestehoje.com.br\/novoportal\/?p=108715"},"modified":"2023-03-31T00:06:36","modified_gmt":"2023-03-31T03:06:36","slug":"ilheus-justica-suspende-eleicao-da-mesa-diretora-da-camara-de-vereadores","status":"publish","type":"post","link":"https:\/\/www.sudoestehoje.com.br\/novoportal\/2023\/03\/31\/ilheus-justica-suspende-eleicao-da-mesa-diretora-da-camara-de-vereadores\/","title":{"rendered":"ILH\u00c9US | JUSTI\u00c7A SUSPENDE ELEI\u00c7\u00c3O DA MESA DIRETORA DA C\u00c2MARA DE VEREADORES"},"content":{"rendered":"<p dir=\"ltr\"><a href=\"https:\/\/www.sudoestehoje.com.br\/novoportal\/wp-content\/uploads\/2023\/03\/Handler.jpg\"><img loading=\"lazy\" decoding=\"async\" class=\"aligncenter size-medium wp-image-108716\" src=\"https:\/\/www.sudoestehoje.com.br\/novoportal\/wp-content\/uploads\/2023\/03\/Handler-500x282.jpg\" alt=\"\" width=\"500\" height=\"282\" srcset=\"https:\/\/www.sudoestehoje.com.br\/novoportal\/wp-content\/uploads\/2023\/03\/Handler-500x282.jpg 500w, https:\/\/www.sudoestehoje.com.br\/novoportal\/wp-content\/uploads\/2023\/03\/Handler-700x395.jpg 700w, https:\/\/www.sudoestehoje.com.br\/novoportal\/wp-content\/uploads\/2023\/03\/Handler-768x433.jpg 768w, https:\/\/www.sudoestehoje.com.br\/novoportal\/wp-content\/uploads\/2023\/03\/Handler.jpg 800w\" sizes=\"auto, (max-width: 500px) 100vw, 500px\" \/><\/a><\/p>\n<p dir=\"ltr\"><strong>O juiz da 1\u00aa vara de fazenda p\u00fablica de Ilh\u00e9us, Alex Ven\u00edcius Campos Miranda determinou a suspens\u00e3o da elei\u00e7\u00e3o da mesa diretora da C\u00e2mara de Ilh\u00e9us.<\/strong><\/p>\n<p dir=\"ltr\"><strong>Segundo o magistrado, a elei\u00e7\u00e3o teve v\u00edcios n\u00e3o seguiu as exig\u00eancias tra\u00e7adas no Regimento Interno do Poder Legislativo Ilheense. <\/strong><\/p>\n<p dir=\"ltr\"><strong>Pela decis\u00e3o, o vereador mais velho vai assumir a presid\u00eancia at\u00e9 o julgamento do m\u00e9rito.<\/strong><\/p>\n","protected":false},"excerpt":{"rendered":"<p>O juiz da 1\u00aa vara de fazenda p\u00fablica de Ilh\u00e9us, Alex Ven\u00edcius Campos Miranda determinou a suspens\u00e3o da elei\u00e7\u00e3o da mesa diretora da C\u00e2mara de Ilh\u00e9us. Segundo o magistrado, a elei\u00e7\u00e3o teve v\u00edcios n\u00e3o seguiu as exig\u00eancias tra\u00e7adas no Regimento Interno do Poder Legislativo Ilheense. Pela decis\u00e3o, o vereador mais velho vai assumir a presid\u00eancia [&hellip;]<\/p>\n","protected":false},"author":2,"featured_media":108716,"comment_status":"open","ping_status":"open","sticky":false,"template":"","format":"standard","meta":{"footnotes":"","_links_to":"","_links_to_target":""},"categories":[1],"tags":[],"class_list":["post-108715","post","type-post","status-publish","format-standard","has-post-thumbnail","hentry","category-geral"],"views":573,"_links":{"self":[{"href":"https:\/\/www.sudoestehoje.com.br\/novoportal\/wp-json\/wp\/v2\/posts\/108715","targetHints":{"allow":["GET"]}}],"collection":[{"href":"https:\/\/www.sudoestehoje.com.br\/novoportal\/wp-json\/wp\/v2\/posts"}],"about":[{"href":"https:\/\/www.sudoestehoje.com.br\/novoportal\/wp-json\/wp\/v2\/types\/post"}],"author":[{"embeddable":true,"href":"https:\/\/www.sudoestehoje.com.br\/novoportal\/wp-json\/wp\/v2\/users\/2"}],"replies":[{"embeddable":true,"href":"https:\/\/www.sudoestehoje.com.br\/novoportal\/wp-json\/wp\/v2\/comments?post=108715"}],"version-history":[{"count":1,"href":"https:\/\/www.sudoestehoje.com.br\/novoportal\/wp-json\/wp\/v2\/posts\/108715\/revisions"}],"predecessor-version":[{"id":108717,"href":"https:\/\/www.sudoestehoje.com.br\/novoportal\/wp-json\/wp\/v2\/posts\/108715\/revisions\/108717"}],"wp:featuredmedia":[{"embeddable":true,"href":"https:\/\/www.sudoestehoje.com.br\/novoportal\/wp-json\/wp\/v2\/media\/108716"}],"wp:attachment":[{"href":"https:\/\/www.sudoestehoje.com.br\/novoportal\/wp-json\/wp\/v2\/media?parent=108715"}],"wp:term":[{"taxonomy":"category","embeddable":true,"href":"https:\/\/www.sudoestehoje.com.br\/novoportal\/wp-json\/wp\/v2\/categories?post=108715"},{"taxonomy":"post_tag","embeddable":true,"href":"https:\/\/www.sudoestehoje.com.br\/novoportal\/wp-json\/wp\/v2\/tags?post=108715"}],"curies":[{"name":"wp","href":"https:\/\/api.w.org\/{rel}","templated":true}]}}