
{"id":108663,"date":"2023-03-29T09:11:16","date_gmt":"2023-03-29T12:11:16","guid":{"rendered":"https:\/\/www.sudoestehoje.com.br\/novoportal\/?p=108663"},"modified":"2023-04-04T08:31:37","modified_gmt":"2023-04-04T11:31:37","slug":"itapetinga-na-expectativa-da-divulgacao-do-resultado-final-do-censo-2022-do-ibge-em-abril","status":"publish","type":"post","link":"https:\/\/www.sudoestehoje.com.br\/novoportal\/2023\/03\/29\/itapetinga-na-expectativa-da-divulgacao-do-resultado-final-do-censo-2022-do-ibge-em-abril\/","title":{"rendered":"ITAPETINGA NA EXPECTATIVA DA DIVULGA\u00c7\u00c3O DO RESULTADO FINAL DO CENSO 2022 DO IBGE EM ABRIL"},"content":{"rendered":"<p><a href=\"https:\/\/www.sudoestehoje.com.br\/novoportal\/wp-content\/uploads\/2023\/03\/ITAPETINGA-FOTO-GAZINHO-1.jpg\"><img loading=\"lazy\" decoding=\"async\" class=\"aligncenter size-medium wp-image-108667\" src=\"https:\/\/www.sudoestehoje.com.br\/novoportal\/wp-content\/uploads\/2023\/03\/ITAPETINGA-FOTO-GAZINHO-1-500x500.jpg\" alt=\"\" width=\"500\" height=\"500\" srcset=\"https:\/\/www.sudoestehoje.com.br\/novoportal\/wp-content\/uploads\/2023\/03\/ITAPETINGA-FOTO-GAZINHO-1-500x500.jpg 500w, https:\/\/www.sudoestehoje.com.br\/novoportal\/wp-content\/uploads\/2023\/03\/ITAPETINGA-FOTO-GAZINHO-1-700x700.jpg 700w, https:\/\/www.sudoestehoje.com.br\/novoportal\/wp-content\/uploads\/2023\/03\/ITAPETINGA-FOTO-GAZINHO-1-150x150.jpg 150w, https:\/\/www.sudoestehoje.com.br\/novoportal\/wp-content\/uploads\/2023\/03\/ITAPETINGA-FOTO-GAZINHO-1-768x768.jpg 768w, https:\/\/www.sudoestehoje.com.br\/novoportal\/wp-content\/uploads\/2023\/03\/ITAPETINGA-FOTO-GAZINHO-1.jpg 895w\" sizes=\"auto, (max-width: 500px) 100vw, 500px\" \/><\/a><\/p>\n<p><strong>Com a proximidade do m\u00eas de abril, cresce em Itapetinga, maior cidade do M\u00e9dio Sudoeste Baiano, a expectativa dos mun\u00edcipes pelo resultado final do Censo Demogr\u00e1fico 2022. O Minist\u00e9rio do Planejamento e Or\u00e7amento informou que o Instituto Brasileiro de Geografia e Estat\u00edstica (IBGE) divulgar\u00e1 os dados da coleta, que inclusive foi prorrogada, no final de abril.<\/strong><\/p>\n<p><strong>A popula\u00e7\u00e3o de Itapetinga foi estimada pelo IBGE, na pr\u00e9via do \u00f3rg\u00e3o estat\u00edstico, em 68.704 habitantes, n\u00famero menor do que a estimativa anterior, quando eram 77.408 habitantes<\/strong><\/p>\n<p><strong>Caso seja confirmado o decr\u00e9scimo populacional, ITAPETINGA sofrer\u00e1 redu\u00e7\u00e3o dos recursos destinados pelo Fundo de Participa\u00e7\u00e3o dos Munic\u00edpios \u2013 FPM, acarretando preju\u00edzos incalcul\u00e1veis para o munic\u00edpio.<\/strong><\/p>\n<p><strong>A Prefeitura de Itapetinga, que contesta a pr\u00e9via do IBGE, por meio de sua procuradoria jur\u00eddica conseguiu, em janeiro, uma liminar, junto \u00e0 Justi\u00e7a Federal, que impedia a redu\u00e7\u00e3o nos repasses do Fundo de Participa\u00e7\u00e3o dos Munic\u00edpios. A liminar foi concedida ap\u00f3s o poder p\u00fablico municipal judicializar o resultado do Censo, usado no c\u00e1lculo de quotas do Tribunal de Contas da Uni\u00e3o na fixa\u00e7\u00e3o do coeficiente do FPM.<\/strong><\/p>\n<p><strong>Posteriormente, por decis\u00e3o do ministro do Supremo Tribunal Federal (STF), Ricardo Lewandowski, foram suspensos os efeitos da decis\u00e3o normativa do TCU. A principal alega\u00e7\u00e3o de prefeitos, deputados e outros integrantes da classe pol\u00edtica era de que a coleta n\u00e3o teria sido conclu\u00edda para que fosse confirmada a redu\u00e7\u00e3o dos repasses de recursos aos diversos munic\u00edpios que sofreram um rev\u00e9s no Censo, incluindo Itapetinga.<\/strong><\/p>\n<p><strong> Entretanto, a coleta chega ao per\u00edodo de conclus\u00e3o, mesmo com a decis\u00e3o que prev\u00ea que os munic\u00edpios dispor\u00e3o de novo prazo para apresentar contesta\u00e7\u00e3o em rela\u00e7\u00e3o aos coeficientes apresentados.<\/strong><\/p>\n<p><strong>A Prefeitura de Itapetinga chegou a fazer apelo a popula\u00e7\u00e3o para o fornecimento de dados, com a prorroga\u00e7\u00e3o, envolvendo, inclusive, agentes comunit\u00e1rios de Sa\u00fade que circularam nas vias da cidade em busca de informa\u00e7\u00f5es nas unidades habitacionais. Nas redes sociais, a gest\u00e3o municipal divulgou um card \u2013 arte gr\u00e1fica disponibilizando n\u00fameros de contato para que os mun\u00edcipes agendassem visitas dos recenseadores. O \u00faltimo cap\u00edtulo da novela ser\u00e1 conhecido no pr\u00f3ximo m\u00eas.\/\/Reda\u00e7\u00e3o<\/strong><\/p>\n","protected":false},"excerpt":{"rendered":"<p>Com a proximidade do m\u00eas de abril, cresce em Itapetinga, maior cidade do M\u00e9dio Sudoeste Baiano, a expectativa dos mun\u00edcipes pelo resultado final do Censo Demogr\u00e1fico 2022. O Minist\u00e9rio do Planejamento e Or\u00e7amento informou que o Instituto Brasileiro de Geografia e Estat\u00edstica (IBGE) divulgar\u00e1 os dados da coleta, que inclusive foi prorrogada, no final de [&hellip;]<\/p>\n","protected":false},"author":2,"featured_media":108667,"comment_status":"closed","ping_status":"open","sticky":false,"template":"","format":"standard","meta":{"footnotes":"","_links_to":"","_links_to_target":""},"categories":[1],"tags":[],"class_list":["post-108663","post","type-post","status-publish","format-standard","has-post-thumbnail","hentry","category-geral"],"views":1417,"_links":{"self":[{"href":"https:\/\/www.sudoestehoje.com.br\/novoportal\/wp-json\/wp\/v2\/posts\/108663","targetHints":{"allow":["GET"]}}],"collection":[{"href":"https:\/\/www.sudoestehoje.com.br\/novoportal\/wp-json\/wp\/v2\/posts"}],"about":[{"href":"https:\/\/www.sudoestehoje.com.br\/novoportal\/wp-json\/wp\/v2\/types\/post"}],"author":[{"embeddable":true,"href":"https:\/\/www.sudoestehoje.com.br\/novoportal\/wp-json\/wp\/v2\/users\/2"}],"replies":[{"embeddable":true,"href":"https:\/\/www.sudoestehoje.com.br\/novoportal\/wp-json\/wp\/v2\/comments?post=108663"}],"version-history":[{"count":5,"href":"https:\/\/www.sudoestehoje.com.br\/novoportal\/wp-json\/wp\/v2\/posts\/108663\/revisions"}],"predecessor-version":[{"id":108669,"href":"https:\/\/www.sudoestehoje.com.br\/novoportal\/wp-json\/wp\/v2\/posts\/108663\/revisions\/108669"}],"wp:featuredmedia":[{"embeddable":true,"href":"https:\/\/www.sudoestehoje.com.br\/novoportal\/wp-json\/wp\/v2\/media\/108667"}],"wp:attachment":[{"href":"https:\/\/www.sudoestehoje.com.br\/novoportal\/wp-json\/wp\/v2\/media?parent=108663"}],"wp:term":[{"taxonomy":"category","embeddable":true,"href":"https:\/\/www.sudoestehoje.com.br\/novoportal\/wp-json\/wp\/v2\/categories?post=108663"},{"taxonomy":"post_tag","embeddable":true,"href":"https:\/\/www.sudoestehoje.com.br\/novoportal\/wp-json\/wp\/v2\/tags?post=108663"}],"curies":[{"name":"wp","href":"https:\/\/api.w.org\/{rel}","templated":true}]}}