
{"id":108657,"date":"2023-03-28T22:21:17","date_gmt":"2023-03-29T01:21:17","guid":{"rendered":"https:\/\/www.sudoestehoje.com.br\/novoportal\/?p=108657"},"modified":"2023-04-04T08:31:52","modified_gmt":"2023-04-04T11:31:52","slug":"caatiba-prefeita-tania-ribeiro-e-comitiva-participam-da-24a-edicao-da-marcha-dos-prefeitos-em-brasilia","status":"publish","type":"post","link":"https:\/\/www.sudoestehoje.com.br\/novoportal\/2023\/03\/28\/caatiba-prefeita-tania-ribeiro-e-comitiva-participam-da-24a-edicao-da-marcha-dos-prefeitos-em-brasilia\/","title":{"rendered":"CAATIBA | PREFEITA T\u00c2NIA RIBEIRO E COMITIVA PARTICIPAM DA 24\u00aa EDI\u00c7\u00c3O DA MARCHA DOS PREFEITOS EM BRAS\u00cdLIA"},"content":{"rendered":"<div class=\"x11i5rnm xat24cr x1mh8g0r x1vvkbs xdj266r x126k92a\">\n<div dir=\"auto\"><a href=\"https:\/\/www.sudoestehoje.com.br\/novoportal\/wp-content\/uploads\/2023\/03\/338002292_741288444065330_5660692674687904405_n.jpg\"><img loading=\"lazy\" decoding=\"async\" class=\"aligncenter size-medium wp-image-108660\" src=\"https:\/\/www.sudoestehoje.com.br\/novoportal\/wp-content\/uploads\/2023\/03\/338002292_741288444065330_5660692674687904405_n-500x375.jpg\" alt=\"\" width=\"500\" height=\"375\" srcset=\"https:\/\/www.sudoestehoje.com.br\/novoportal\/wp-content\/uploads\/2023\/03\/338002292_741288444065330_5660692674687904405_n-500x375.jpg 500w, https:\/\/www.sudoestehoje.com.br\/novoportal\/wp-content\/uploads\/2023\/03\/338002292_741288444065330_5660692674687904405_n-700x525.jpg 700w, https:\/\/www.sudoestehoje.com.br\/novoportal\/wp-content\/uploads\/2023\/03\/338002292_741288444065330_5660692674687904405_n-768x576.jpg 768w, https:\/\/www.sudoestehoje.com.br\/novoportal\/wp-content\/uploads\/2023\/03\/338002292_741288444065330_5660692674687904405_n-1536x1152.jpg 1536w, https:\/\/www.sudoestehoje.com.br\/novoportal\/wp-content\/uploads\/2023\/03\/338002292_741288444065330_5660692674687904405_n.jpg 1600w\" sizes=\"auto, (max-width: 500px) 100vw, 500px\" \/><\/a><\/div>\n<\/div>\n<div class=\"x11i5rnm xat24cr x1mh8g0r x1vvkbs xtlvy1s x126k92a\">\n<div dir=\"auto\">\n<p><strong>Nesta semana, de 27 a 30, a prefeita de Caatiba, T\u00e2nia Ribeiro, o vice &#8211; prefeito Humberto Antunes e comitiva participam da 24\u00aa edi\u00e7\u00e3o da Marcha dos Prefeitos em Bras\u00edlia no Centro Internacional de Conven\u00e7\u00f5es do Brasil &#8211; CICB. <\/strong><\/p>\n<p><strong>\u00a0<\/strong><strong>A Marcha dos Prefeitos \u00e9 uma mobiliza\u00e7\u00e3o democr\u00e1tica, que tem por objetivo discutir os problemas enfrentados pelos munic\u00edpios, assim como atender as suas reivindica\u00e7\u00f5es. <\/strong><\/p>\n<p><strong>\u00a0<\/strong><strong>O importante encontro municipalista de articula\u00e7\u00f5es re\u00fane milhares de participantes, entre prefeitos, secret\u00e1rios, vereadores, senadores, governadores e parlamentares, al\u00e9m de ministros e do pr\u00f3prio presidente da Rep\u00fablica, que nesta edi\u00e7\u00e3o est\u00e1 sendo representado pelo Vice-presidente Geraldo Alckmin. <\/strong><\/p>\n<p><strong>\u00a0<\/strong><strong>A Marcha dos Prefeitos se consolidou como o maior evento pol\u00edtico da Am\u00e9rica Latina em n\u00famero de autoridades. \/\/<em> Ascom<\/em><\/strong><\/p>\n<\/div>\n<\/div>\n","protected":false},"excerpt":{"rendered":"<p>Nesta semana, de 27 a 30, a prefeita de Caatiba, T\u00e2nia Ribeiro, o vice &#8211; prefeito Humberto Antunes e comitiva participam da 24\u00aa edi\u00e7\u00e3o da Marcha dos Prefeitos em Bras\u00edlia no Centro Internacional de Conven\u00e7\u00f5es do Brasil &#8211; CICB. \u00a0A Marcha dos Prefeitos \u00e9 uma mobiliza\u00e7\u00e3o democr\u00e1tica, que tem por objetivo discutir os problemas enfrentados [&hellip;]<\/p>\n","protected":false},"author":2,"featured_media":108660,"comment_status":"closed","ping_status":"open","sticky":false,"template":"","format":"standard","meta":{"footnotes":"","_links_to":"","_links_to_target":""},"categories":[1],"tags":[],"class_list":["post-108657","post","type-post","status-publish","format-standard","has-post-thumbnail","hentry","category-geral"],"views":637,"_links":{"self":[{"href":"https:\/\/www.sudoestehoje.com.br\/novoportal\/wp-json\/wp\/v2\/posts\/108657","targetHints":{"allow":["GET"]}}],"collection":[{"href":"https:\/\/www.sudoestehoje.com.br\/novoportal\/wp-json\/wp\/v2\/posts"}],"about":[{"href":"https:\/\/www.sudoestehoje.com.br\/novoportal\/wp-json\/wp\/v2\/types\/post"}],"author":[{"embeddable":true,"href":"https:\/\/www.sudoestehoje.com.br\/novoportal\/wp-json\/wp\/v2\/users\/2"}],"replies":[{"embeddable":true,"href":"https:\/\/www.sudoestehoje.com.br\/novoportal\/wp-json\/wp\/v2\/comments?post=108657"}],"version-history":[{"count":4,"href":"https:\/\/www.sudoestehoje.com.br\/novoportal\/wp-json\/wp\/v2\/posts\/108657\/revisions"}],"predecessor-version":[{"id":108662,"href":"https:\/\/www.sudoestehoje.com.br\/novoportal\/wp-json\/wp\/v2\/posts\/108657\/revisions\/108662"}],"wp:featuredmedia":[{"embeddable":true,"href":"https:\/\/www.sudoestehoje.com.br\/novoportal\/wp-json\/wp\/v2\/media\/108660"}],"wp:attachment":[{"href":"https:\/\/www.sudoestehoje.com.br\/novoportal\/wp-json\/wp\/v2\/media?parent=108657"}],"wp:term":[{"taxonomy":"category","embeddable":true,"href":"https:\/\/www.sudoestehoje.com.br\/novoportal\/wp-json\/wp\/v2\/categories?post=108657"},{"taxonomy":"post_tag","embeddable":true,"href":"https:\/\/www.sudoestehoje.com.br\/novoportal\/wp-json\/wp\/v2\/tags?post=108657"}],"curies":[{"name":"wp","href":"https:\/\/api.w.org\/{rel}","templated":true}]}}