
{"id":108651,"date":"2023-03-28T18:47:50","date_gmt":"2023-03-28T21:47:50","guid":{"rendered":"https:\/\/www.sudoestehoje.com.br\/novoportal\/?p=108651"},"modified":"2023-03-28T18:47:50","modified_gmt":"2023-03-28T21:47:50","slug":"macarani-e-outras-19-cidades-baianas-nao-iniciaram-vacinacao-com-imunizante-bivalente-doses-vencem-em-maio","status":"publish","type":"post","link":"https:\/\/www.sudoestehoje.com.br\/novoportal\/2023\/03\/28\/macarani-e-outras-19-cidades-baianas-nao-iniciaram-vacinacao-com-imunizante-bivalente-doses-vencem-em-maio\/","title":{"rendered":"MACARANI E OUTRAS 19 CIDADES BAIANAS N\u00c3O INICIARAM VACINA\u00c7\u00c3O COM IMUNIZANTE BIVALENTE; DOSES VENCEM EM MAIO"},"content":{"rendered":"<div id=\"chunk-bdnij\">\n<div class=\"mc-column content-text active-extra-styles \" data-block-type=\"unstyled\" data-block-weight=\"45\" data-block-id=\"3\">\n<p data-track-category=\"Link no Texto\" data-track-links=\"\"><a href=\"https:\/\/www.sudoestehoje.com.br\/novoportal\/wp-content\/uploads\/2023\/03\/macarani-e1443645131183-1000x530-1.jpg\"><img loading=\"lazy\" decoding=\"async\" class=\"aligncenter size-medium wp-image-108655\" src=\"https:\/\/www.sudoestehoje.com.br\/novoportal\/wp-content\/uploads\/2023\/03\/macarani-e1443645131183-1000x530-1-500x265.jpg\" alt=\"\" width=\"500\" height=\"265\" srcset=\"https:\/\/www.sudoestehoje.com.br\/novoportal\/wp-content\/uploads\/2023\/03\/macarani-e1443645131183-1000x530-1-500x265.jpg 500w, https:\/\/www.sudoestehoje.com.br\/novoportal\/wp-content\/uploads\/2023\/03\/macarani-e1443645131183-1000x530-1-700x371.jpg 700w, https:\/\/www.sudoestehoje.com.br\/novoportal\/wp-content\/uploads\/2023\/03\/macarani-e1443645131183-1000x530-1-768x407.jpg 768w, https:\/\/www.sudoestehoje.com.br\/novoportal\/wp-content\/uploads\/2023\/03\/macarani-e1443645131183-1000x530-1.jpg 1000w\" sizes=\"auto, (max-width: 500px) 100vw, 500px\" \/><\/a><\/p>\n<p class=\"content-text__container \" data-track-category=\"Link no Texto\" data-track-links=\"\"><strong>Vinte cidades da Bahia, inclusive Macarani, ainda n\u00e3o iniciaram aplica\u00e7\u00e3o da vacina bivalente contra Covid-19, at\u00e9 esta ter\u00e7a-feira (28) \u2013 mais de um m\u00eas ap\u00f3s o in\u00edcio da distribui\u00e7\u00e3o dos imunizantes no estado. A preocupa\u00e7\u00e3o das autoridades \u00e9 que 200 mil imunizantes vencem no in\u00edcio de maio.<\/strong><\/p>\n<\/div>\n<\/div>\n<div class=\"wall protected-content\">\n<div id=\"chunk-dgakl\">\n<div class=\"mc-column content-text active-extra-styles \" data-block-type=\"unstyled\" data-block-weight=\"19\" data-block-id=\"4\">\n<p class=\"content-text__container \" data-track-category=\"Link no Texto\" data-track-links=\"\"><strong>De acordo com a Secretaria de Sa\u00fade do Estado da Bahia (Sesab), as cidades que ainda n\u00e3o vacinaram s\u00e3o:<\/strong><\/p>\n<div class=\"mc-column content-text active-extra-styles\" data-block-type=\"raw\" data-block-weight=\"30\" data-block-id=\"5\">\n<ul class=\"content-unordered-list\">\n<li><strong><a class=\"\" href=\"https:\/\/g1.globo.com\/ba\/bahia\/cidade\/ipupiara\/\">Ipupiara<\/a>;<\/strong><\/li>\n<li><strong><a class=\"\" href=\"https:\/\/g1.globo.com\/ba\/bahia\/cidade\/irajuba\/\">Irajuba<\/a>;<\/strong><\/li>\n<li><strong><a class=\"\" href=\"https:\/\/g1.globo.com\/ba\/bahia\/cidade\/itaete\/\">Itaet\u00e9<\/a>;<\/strong><\/li>\n<li><strong><a class=\"\" href=\"https:\/\/g1.globo.com\/ba\/bahia\/cidade\/itubera\/\">Ituber\u00e1<\/a>;<\/strong><\/li>\n<li><strong><a class=\"\" href=\"https:\/\/g1.globo.com\/ba\/bahia\/cidade\/iuiu\/\">Iuiu<\/a>;<\/strong><\/li>\n<li><strong><a class=\"\" href=\"https:\/\/g1.globo.com\/ba\/bahia\/cidade\/lafaiete-coutinho\/\">Lafaiete Coutinho<\/a>;<\/strong><\/li>\n<li><strong><a class=\"\" href=\"https:\/\/g1.globo.com\/ba\/bahia\/cidade\/macarani\/\">Macarani<\/a>;<\/strong><\/li>\n<li><strong><a class=\"\" href=\"https:\/\/g1.globo.com\/ba\/bahia\/cidade\/malhada\/\">Malhada<\/a>;<\/strong><\/li>\n<li><strong><a class=\"\" href=\"https:\/\/g1.globo.com\/ba\/bahia\/cidade\/mansidao\/\">Mansid\u00e3o<\/a>;<\/strong><\/li>\n<li><strong><a class=\"\" href=\"https:\/\/g1.globo.com\/ba\/bahia\/cidade\/marcionilio-souza\/\">Marcion\u00edlio Souza<\/a>;<\/strong><\/li>\n<li><strong><a class=\"\" href=\"https:\/\/g1.globo.com\/ba\/bahia\/cidade\/milagres-ba\/\">Milagres<\/a>;<\/strong><\/li>\n<li><strong><a class=\"\" href=\"https:\/\/g1.globo.com\/ba\/bahia\/cidade\/mucuri\/\">Mucuri<\/a>;<\/strong><\/li>\n<li><strong><a class=\"\" href=\"https:\/\/g1.globo.com\/ba\/bahia\/cidade\/novo-triunfo\/\">Novo Triunfo<\/a>;<\/strong><\/li>\n<li><strong><a class=\"\" href=\"https:\/\/g1.globo.com\/ba\/bahia\/cidade\/pe-de-serra\/\">P\u00e9 de Serra<\/a>;<\/strong><\/li>\n<li><strong><a class=\"\" href=\"https:\/\/g1.globo.com\/ba\/bahia\/cidade\/pilao-arcado\/\">Pil\u00e3o Arcado<\/a>;<\/strong><\/li>\n<li><strong><a class=\"\" href=\"https:\/\/g1.globo.com\/ba\/bahia\/cidade\/planaltino\/\">Planaltino<\/a>;<\/strong><\/li>\n<li><strong><a class=\"\" href=\"https:\/\/g1.globo.com\/ba\/bahia\/cidade\/santa-teresinha-ba\/\">Santa Teresinha<\/a>;<\/strong><\/li>\n<li><strong><a class=\"\" href=\"https:\/\/g1.globo.com\/ba\/bahia\/cidade\/sao-miguel-das-matas\/\">S\u00e3o Miguel das Matas<\/a>;<\/strong><\/li>\n<li><strong><a class=\"\" href=\"https:\/\/g1.globo.com\/ba\/bahia\/cidade\/saubara\/\">Saubara<\/a>;<\/strong><\/li>\n<li><strong><a class=\"\" href=\"https:\/\/g1.globo.com\/ba\/bahia\/cidade\/varzedo\/\">Varzedo<\/a>.<\/strong><\/li>\n<\/ul>\n<p><strong>Mais de um milh\u00e3o de doses da vacina bivalente foram distribu\u00eddas em 23 de fevereiro deste ano, mas apenas 30% foram aplicadas no estado, como explica a coordenadora estadual de imuniza\u00e7\u00e3o, V\u00e2nia Rebou\u00e7as.<\/strong><\/p>\n<\/div>\n<\/div>\n<\/div>\n<\/div>\n","protected":false},"excerpt":{"rendered":"<p>Vinte cidades da Bahia, inclusive Macarani, ainda n\u00e3o iniciaram aplica\u00e7\u00e3o da vacina bivalente contra Covid-19, at\u00e9 esta ter\u00e7a-feira (28) \u2013 mais de um m\u00eas ap\u00f3s o in\u00edcio da distribui\u00e7\u00e3o dos imunizantes no estado. A preocupa\u00e7\u00e3o das autoridades \u00e9 que 200 mil imunizantes vencem no in\u00edcio de maio. De acordo com a Secretaria de Sa\u00fade do [&hellip;]<\/p>\n","protected":false},"author":2,"featured_media":108655,"comment_status":"open","ping_status":"open","sticky":false,"template":"","format":"standard","meta":{"footnotes":"","_links_to":"","_links_to_target":""},"categories":[1],"tags":[],"class_list":["post-108651","post","type-post","status-publish","format-standard","has-post-thumbnail","hentry","category-geral"],"views":699,"_links":{"self":[{"href":"https:\/\/www.sudoestehoje.com.br\/novoportal\/wp-json\/wp\/v2\/posts\/108651","targetHints":{"allow":["GET"]}}],"collection":[{"href":"https:\/\/www.sudoestehoje.com.br\/novoportal\/wp-json\/wp\/v2\/posts"}],"about":[{"href":"https:\/\/www.sudoestehoje.com.br\/novoportal\/wp-json\/wp\/v2\/types\/post"}],"author":[{"embeddable":true,"href":"https:\/\/www.sudoestehoje.com.br\/novoportal\/wp-json\/wp\/v2\/users\/2"}],"replies":[{"embeddable":true,"href":"https:\/\/www.sudoestehoje.com.br\/novoportal\/wp-json\/wp\/v2\/comments?post=108651"}],"version-history":[{"count":3,"href":"https:\/\/www.sudoestehoje.com.br\/novoportal\/wp-json\/wp\/v2\/posts\/108651\/revisions"}],"predecessor-version":[{"id":108656,"href":"https:\/\/www.sudoestehoje.com.br\/novoportal\/wp-json\/wp\/v2\/posts\/108651\/revisions\/108656"}],"wp:featuredmedia":[{"embeddable":true,"href":"https:\/\/www.sudoestehoje.com.br\/novoportal\/wp-json\/wp\/v2\/media\/108655"}],"wp:attachment":[{"href":"https:\/\/www.sudoestehoje.com.br\/novoportal\/wp-json\/wp\/v2\/media?parent=108651"}],"wp:term":[{"taxonomy":"category","embeddable":true,"href":"https:\/\/www.sudoestehoje.com.br\/novoportal\/wp-json\/wp\/v2\/categories?post=108651"},{"taxonomy":"post_tag","embeddable":true,"href":"https:\/\/www.sudoestehoje.com.br\/novoportal\/wp-json\/wp\/v2\/tags?post=108651"}],"curies":[{"name":"wp","href":"https:\/\/api.w.org\/{rel}","templated":true}]}}