
{"id":108642,"date":"2023-03-28T17:04:26","date_gmt":"2023-03-28T20:04:26","guid":{"rendered":"https:\/\/www.sudoestehoje.com.br\/novoportal\/?p=108642"},"modified":"2023-03-28T17:06:12","modified_gmt":"2023-03-28T20:06:12","slug":"itapetinga-flavio-ferraz-e-submetido-a-cirurgia-cardiaca-nesta-terca-e-passa-bem","status":"publish","type":"post","link":"https:\/\/www.sudoestehoje.com.br\/novoportal\/2023\/03\/28\/itapetinga-flavio-ferraz-e-submetido-a-cirurgia-cardiaca-nesta-terca-e-passa-bem\/","title":{"rendered":"ITAPETINGA | FL\u00c1VIO FERRAZ \u00c9 SUBMETIDO A CIRURGIA CARD\u00cdACA NESTA TER\u00c7A E PASSA BEM"},"content":{"rendered":"<p><a href=\"https:\/\/www.sudoestehoje.com.br\/novoportal\/wp-content\/uploads\/2023\/03\/WhatsApp-Image-2022-07-07-at-11.13.14-1-500x282-1-1.jpeg\"><img loading=\"lazy\" decoding=\"async\" class=\"wp-image-108644 alignleft\" src=\"https:\/\/www.sudoestehoje.com.br\/novoportal\/wp-content\/uploads\/2023\/03\/WhatsApp-Image-2022-07-07-at-11.13.14-1-500x282-1-1.jpeg\" alt=\"\" width=\"304\" height=\"248\" \/><\/a><\/p>\n<p><strong>Na manh\u00e3 desta ter\u00e7a-feira (28), o presidente do diret\u00f3rio municipal do PSC e analista pol\u00edtico Fl\u00e1vio Ferraz, o nosso querido &#8216;P\u00e3o de Sal&#8217;, foi submetido a uma cirurgia card\u00edaca no Hospital IBR, em Vit\u00f3ria da Conquista, e j\u00e1 est\u00e1 em pleno restabelecimento, segundo informa\u00e7\u00f5es de familiares e amigos.<\/strong><\/p>\n<p><strong>Na semana passada, Fl\u00e1vio sofreu um infarto, assustando a todos, mas foi hospitalizado a tempo.<\/strong><\/p>\n<p><strong>De acordo com o comunicador Cloves Silva, parceiro de Fl\u00e1vio no programa de r\u00e1dio Pod Cast, foram realizadas durante a cirurgia tr\u00eas pontes de safena e uma mam\u00e1ria, em art\u00e9ria comprometidas.<\/strong><\/p>\n<p><strong>Fl\u00e1vio est\u00e1 sedado em uma UTI e deve come\u00e7ar a sua recupera\u00e7\u00e3o imediatamente. Ainda n\u00e3o h\u00e1 previs\u00e3o de alta m\u00e9dica.<\/strong><\/p>\n<p><strong>Vai ficar bom&#8230;<\/strong><\/p>\n<p><strong>Por Davi Ferraz<\/strong><\/p>\n","protected":false},"excerpt":{"rendered":"<p>Na manh\u00e3 desta ter\u00e7a-feira (28), o presidente do diret\u00f3rio municipal do PSC e analista pol\u00edtico Fl\u00e1vio Ferraz, o nosso querido &#8216;P\u00e3o de Sal&#8217;, foi submetido a uma cirurgia card\u00edaca no Hospital IBR, em Vit\u00f3ria da Conquista, e j\u00e1 est\u00e1 em pleno restabelecimento, segundo informa\u00e7\u00f5es de familiares e amigos. Na semana passada, Fl\u00e1vio sofreu um infarto, [&hellip;]<\/p>\n","protected":false},"author":2,"featured_media":108644,"comment_status":"open","ping_status":"open","sticky":false,"template":"","format":"standard","meta":{"footnotes":"","_links_to":"","_links_to_target":""},"categories":[1],"tags":[],"class_list":["post-108642","post","type-post","status-publish","format-standard","has-post-thumbnail","hentry","category-geral"],"views":780,"_links":{"self":[{"href":"https:\/\/www.sudoestehoje.com.br\/novoportal\/wp-json\/wp\/v2\/posts\/108642","targetHints":{"allow":["GET"]}}],"collection":[{"href":"https:\/\/www.sudoestehoje.com.br\/novoportal\/wp-json\/wp\/v2\/posts"}],"about":[{"href":"https:\/\/www.sudoestehoje.com.br\/novoportal\/wp-json\/wp\/v2\/types\/post"}],"author":[{"embeddable":true,"href":"https:\/\/www.sudoestehoje.com.br\/novoportal\/wp-json\/wp\/v2\/users\/2"}],"replies":[{"embeddable":true,"href":"https:\/\/www.sudoestehoje.com.br\/novoportal\/wp-json\/wp\/v2\/comments?post=108642"}],"version-history":[{"count":3,"href":"https:\/\/www.sudoestehoje.com.br\/novoportal\/wp-json\/wp\/v2\/posts\/108642\/revisions"}],"predecessor-version":[{"id":108646,"href":"https:\/\/www.sudoestehoje.com.br\/novoportal\/wp-json\/wp\/v2\/posts\/108642\/revisions\/108646"}],"wp:featuredmedia":[{"embeddable":true,"href":"https:\/\/www.sudoestehoje.com.br\/novoportal\/wp-json\/wp\/v2\/media\/108644"}],"wp:attachment":[{"href":"https:\/\/www.sudoestehoje.com.br\/novoportal\/wp-json\/wp\/v2\/media?parent=108642"}],"wp:term":[{"taxonomy":"category","embeddable":true,"href":"https:\/\/www.sudoestehoje.com.br\/novoportal\/wp-json\/wp\/v2\/categories?post=108642"},{"taxonomy":"post_tag","embeddable":true,"href":"https:\/\/www.sudoestehoje.com.br\/novoportal\/wp-json\/wp\/v2\/tags?post=108642"}],"curies":[{"name":"wp","href":"https:\/\/api.w.org\/{rel}","templated":true}]}}