
{"id":108625,"date":"2023-03-28T10:28:45","date_gmt":"2023-03-28T13:28:45","guid":{"rendered":"https:\/\/www.sudoestehoje.com.br\/novoportal\/?p=108625"},"modified":"2023-03-28T10:28:45","modified_gmt":"2023-03-28T13:28:45","slug":"salvador-prefeito-bruno-reis-nao-descarta-alianca-com-joao-roma-em-2024","status":"publish","type":"post","link":"https:\/\/www.sudoestehoje.com.br\/novoportal\/2023\/03\/28\/salvador-prefeito-bruno-reis-nao-descarta-alianca-com-joao-roma-em-2024\/","title":{"rendered":"SALVADOR | PREFEITO BRUNO REIS N\u00c3O DESCARTA ALIAN\u00c7A COM JO\u00c3O ROMA EM 2024"},"content":{"rendered":"<p><a href=\"https:\/\/www.sudoestehoje.com.br\/novoportal\/wp-content\/uploads\/2023\/03\/imagem-destacada-bruno-reis-e-questionado-sobre-possivel-reaproximacao-com-joao-740x470-1.jpg\"><img loading=\"lazy\" decoding=\"async\" class=\"aligncenter size-medium wp-image-108626\" src=\"https:\/\/www.sudoestehoje.com.br\/novoportal\/wp-content\/uploads\/2023\/03\/imagem-destacada-bruno-reis-e-questionado-sobre-possivel-reaproximacao-com-joao-740x470-1-500x318.jpg\" alt=\"\" width=\"500\" height=\"318\" srcset=\"https:\/\/www.sudoestehoje.com.br\/novoportal\/wp-content\/uploads\/2023\/03\/imagem-destacada-bruno-reis-e-questionado-sobre-possivel-reaproximacao-com-joao-740x470-1-500x318.jpg 500w, https:\/\/www.sudoestehoje.com.br\/novoportal\/wp-content\/uploads\/2023\/03\/imagem-destacada-bruno-reis-e-questionado-sobre-possivel-reaproximacao-com-joao-740x470-1-700x445.jpg 700w, https:\/\/www.sudoestehoje.com.br\/novoportal\/wp-content\/uploads\/2023\/03\/imagem-destacada-bruno-reis-e-questionado-sobre-possivel-reaproximacao-com-joao-740x470-1.jpg 740w\" sizes=\"auto, (max-width: 500px) 100vw, 500px\" \/><\/a><\/p>\n<p><strong>O prefeito de Salvador, Bruno Reis (Uni\u00e3o Brasil), n\u00e3o descartou a possibilidade de fazer uma alian\u00e7a com o ex-deputado e ex-ministro do governo Bolsonaro, Jo\u00e3o Roma (PL), em 2024.<\/strong><\/p>\n<p><strong>Em entrevista ao MetroPod na noite de ter\u00e7a-feira (28), Bruno afirmou tamb\u00e9m que a alian\u00e7a com o PL \u00e9 um desejo dele.<\/strong><\/p>\n<p><strong>\u201cSempre tive uma excelente rela\u00e7\u00e3o com Jo\u00e3o Roma, trabalhamos juntos por muito tempo. Mantive essa rela\u00e7\u00e3o e tenho condi\u00e7\u00f5es de dialogar com ele, tenho uma excelente rela\u00e7\u00e3o com v\u00e1rios integrantes do PL\u201d, declarou Reis.<\/strong><\/p>\n<p><strong>\u201c\u00c9 poss\u00edvel construir uma alian\u00e7a. Como prefeito, tenho vontade de costurar o apoio desse partido e de outros\u201d, disse ainda, sobre o PL.<\/strong><\/p>\n<p><strong>Jo\u00e3o Roma, por sua vez, j\u00e1 sinalizou que o PL pode vir com candidatura pr\u00f3pria em Salvador em 2024.<\/strong><\/p>\n","protected":false},"excerpt":{"rendered":"<p>O prefeito de Salvador, Bruno Reis (Uni\u00e3o Brasil), n\u00e3o descartou a possibilidade de fazer uma alian\u00e7a com o ex-deputado e ex-ministro do governo Bolsonaro, Jo\u00e3o Roma (PL), em 2024. Em entrevista ao MetroPod na noite de ter\u00e7a-feira (28), Bruno afirmou tamb\u00e9m que a alian\u00e7a com o PL \u00e9 um desejo dele. \u201cSempre tive uma excelente [&hellip;]<\/p>\n","protected":false},"author":2,"featured_media":108626,"comment_status":"open","ping_status":"open","sticky":false,"template":"","format":"standard","meta":{"footnotes":"","_links_to":"","_links_to_target":""},"categories":[1],"tags":[],"class_list":["post-108625","post","type-post","status-publish","format-standard","has-post-thumbnail","hentry","category-geral"],"views":594,"_links":{"self":[{"href":"https:\/\/www.sudoestehoje.com.br\/novoportal\/wp-json\/wp\/v2\/posts\/108625","targetHints":{"allow":["GET"]}}],"collection":[{"href":"https:\/\/www.sudoestehoje.com.br\/novoportal\/wp-json\/wp\/v2\/posts"}],"about":[{"href":"https:\/\/www.sudoestehoje.com.br\/novoportal\/wp-json\/wp\/v2\/types\/post"}],"author":[{"embeddable":true,"href":"https:\/\/www.sudoestehoje.com.br\/novoportal\/wp-json\/wp\/v2\/users\/2"}],"replies":[{"embeddable":true,"href":"https:\/\/www.sudoestehoje.com.br\/novoportal\/wp-json\/wp\/v2\/comments?post=108625"}],"version-history":[{"count":1,"href":"https:\/\/www.sudoestehoje.com.br\/novoportal\/wp-json\/wp\/v2\/posts\/108625\/revisions"}],"predecessor-version":[{"id":108627,"href":"https:\/\/www.sudoestehoje.com.br\/novoportal\/wp-json\/wp\/v2\/posts\/108625\/revisions\/108627"}],"wp:featuredmedia":[{"embeddable":true,"href":"https:\/\/www.sudoestehoje.com.br\/novoportal\/wp-json\/wp\/v2\/media\/108626"}],"wp:attachment":[{"href":"https:\/\/www.sudoestehoje.com.br\/novoportal\/wp-json\/wp\/v2\/media?parent=108625"}],"wp:term":[{"taxonomy":"category","embeddable":true,"href":"https:\/\/www.sudoestehoje.com.br\/novoportal\/wp-json\/wp\/v2\/categories?post=108625"},{"taxonomy":"post_tag","embeddable":true,"href":"https:\/\/www.sudoestehoje.com.br\/novoportal\/wp-json\/wp\/v2\/tags?post=108625"}],"curies":[{"name":"wp","href":"https:\/\/api.w.org\/{rel}","templated":true}]}}