
{"id":108600,"date":"2023-03-24T23:33:50","date_gmt":"2023-03-25T02:33:50","guid":{"rendered":"https:\/\/www.sudoestehoje.com.br\/novoportal\/?p=108600"},"modified":"2023-03-26T23:43:19","modified_gmt":"2023-03-27T02:43:19","slug":"conquista-professor-rui-medeiros-e-o-postal-do-itapetinguense-rosalino","status":"publish","type":"post","link":"https:\/\/www.sudoestehoje.com.br\/novoportal\/2023\/03\/24\/conquista-professor-rui-medeiros-e-o-postal-do-itapetinguense-rosalino\/","title":{"rendered":"CONQUISTA | PROFESSOR RUI MEDEIROS E O POSTAL DO ITAPETINGUENSE ROSALINO"},"content":{"rendered":"<p><a href=\"https:\/\/www.sudoestehoje.com.br\/novoportal\/wp-content\/uploads\/2023\/03\/DSC_0558.jpg\"><img loading=\"lazy\" decoding=\"async\" class=\"aligncenter size-medium wp-image-108601\" src=\"https:\/\/www.sudoestehoje.com.br\/novoportal\/wp-content\/uploads\/2023\/03\/DSC_0558-500x334.jpg\" alt=\"\" width=\"500\" height=\"334\" srcset=\"https:\/\/www.sudoestehoje.com.br\/novoportal\/wp-content\/uploads\/2023\/03\/DSC_0558-500x334.jpg 500w, https:\/\/www.sudoestehoje.com.br\/novoportal\/wp-content\/uploads\/2023\/03\/DSC_0558.jpg 600w\" sizes=\"auto, (max-width: 500px) 100vw, 500px\" \/><\/a><\/p>\n<p><em><strong>Por Rui Medeiros<\/strong><\/em><\/p>\n<p><strong>Gelci Gusm\u00e3o, advogado que se notabilizou em defesas perante o j\u00fari, exibe-me um postal que retrata o Elevador Lacerda. No plano superior, v\u00ea-se parte do Pal\u00e1cio Rio Branco, ent\u00e3o sede da governadoria estadual, e, presa \u00e0 mureta vazada que dividia pra\u00e7a Tom\u00e9 de Souza da encosta do elevador, uma publicidade, em c\u00edrculo, que perdurou por d\u00e9cadas, do Laborat\u00f3rio Bayer (ent\u00e3o o <em>\u201cjingle\u201d<\/em>\u00a0dessa empresa dizia:\u00a0<em>\u201cSe \u00e9 Bayer \u00e9 Bom\u201d.<\/em>\u00a0Com isso n\u00e3o concordavam v\u00e1rios m\u00e9dicos judeus que acusavam-na de compactuar com o Governo Hitler, no entre-guerras (vide Olga Lengyel Os fornos de Hitler). Lembro-me bem do local. Pelo Elevador Lacerda, durante bom tempo, fui transportado da Pra\u00e7a Tom\u00e9 de Souza para a Pra\u00e7a Cairu, vice-versa.\u00a0<a href=\"https:\/\/www.blogdoanderson.com\/2023\/03\/20\/ruy-medeiros-o-postal\/\" target=\"_blank\" rel=\"noopener noreferrer\">Continue a leitura do artido de Ruy Medeiros<\/a>.<\/strong><\/p>\n<p><strong><!--more--><br \/>\n<\/strong><\/p>\n<p><strong>Mas o que est\u00e1 escrito no verso do Cart\u00e3o Postal \u00e9 que importa muito. Diz respeito a um jovem que se tornou parte da mem\u00f3ria compartilhada de muitos que o conheceram ou not\u00edcias suas tiveram. Trata-se de uma mensagem. Leio: \u201cAmigo Gelci: Espero alguma not\u00edcia sua. Recebi not\u00edcias de Itapetinga, mas quero tamb\u00e9m dos amigos de lutas e ideais. Continuo como sempre na labuta e agora de f\u00e9rias como \u00e9 de seu conhecimento. Sem mais, do amigo Rosalindo. Salvador, 6.09.63\u201d.<\/strong><\/p>\n<p><strong>A mensagem completar\u00e1, em setembro, 60 anos. A assinatura \u00e9 de Rosalindo Souza que se encontrava a caminho de ser combativo jovem e dos mais respeitados l\u00edderes estudantis de seu tempo. De nosso tempo.<\/strong><\/p>\n<p><strong>Ent\u00e3o o pa\u00eds estava em ebuli\u00e7\u00e3o. A classe dominante dividida. O cheiro de golpe estava no ar. IBAD, IPES, CCC e outros promoviam forte propaganda contra o governo estabelecido; grupo de militares, com sua doutrina da seguran\u00e7a nacional, pretendiam assumir o governo. No campo e nas cidades havia mobiliza\u00e7\u00e3o em sentido contr\u00e1rio \u00e1s demandas golpistas. O governo Jo\u00e3o Goulart tentava acalmar os \u00e2nimos e mencionava um suposto dispositivo militar, capaz de dissuadir golpe contra o Estado.<\/strong><\/p>\n<p><strong>Os estudantes lutavam por reformas, editavam jornais, encenavam pe\u00e7as de teatro, realizavam recitais, participavam da vida pol\u00edtica.<\/strong><br \/>\n<strong>Dentre tantos jovens estudantes que abra\u00e7aram as lutas de seu tempo, estava Rosalindo, o autor da mensagem transcrita.<\/strong><\/p>\n<p><strong>Nascido em Caldeir\u00e3o Grande, Bahia, em 1940, Rosalindo Souza chegou a Itapetinga trazido por seus pais, Rosalvo Cypriano e Lindaura Correia Silva. Tinha ele ent\u00e3o 5 anos de idade. Em Itapetinga estudou as s\u00e9ries do curso prim\u00e1rio e, no renomado Centro Educacional Alfredo Dutra, realizou seu curso prim\u00e1rio. Cypriano e Lindaura queriam seus filhos formados. Pessoas humildes, esfor\u00e7avam-se para isso e a fam\u00edlia crescia, exigindo-lhes muito trabalho.<\/strong><\/p>\n<p><strong>O jovem indicava corresponder \u00e0s esperan\u00e7as dos pais. Era estudioso e inteligente. Ainda em Itapetinga apaixonou-se pela pol\u00edtica e pela cultura em geral.<\/strong><\/p>\n<p><strong>Em 1964, passou pelo exigente exame vestibular (provas escritas e orais, eliminat\u00f3rias por disciplinas) e matriculou-se na Faculdade de Direito da Universidade Federal da Bahia. Para manter-se trabalhava no IAPC \u2013 Instituto de Aposentadoria e Pens\u00e3o dos Comerci\u00e1rios (que depois seria incorporado a outros IAPS, na organiza\u00e7\u00e3o do INPS, hoje INSS). Gostava de literatura e de cinema (possu\u00eda uma filmadora de corda, j\u00e1 ultrapassada, com a qual imaginava fazer document\u00e1rios), e participava do CECIBA \u2013 Clube de Cinema da Bahia.<\/strong><\/p>\n<p><strong>A pol\u00edtica e a orat\u00f3ria eram paix\u00f5es maiores para o jovem Rosalindo. Logo, estava na pol\u00edtica estudantil, em manifesta\u00e7\u00f5es e nas disputas pela governan\u00e7a das entidades. Formou chapa (Renova\u00e7\u00e3o) e disputou a dire\u00e7\u00e3o d Diret\u00f3rio Acad\u00eamico Ruy Barbosa, da Faculdade de Direito da UFBA. Tornou-se grande l\u00edder estudantil. A ditadura militar passou a seguir seus passos. Contra ele e outros abriu IPM. Em 1969, com base no Decreto-lei 477, sem direito a defesa (prevista no pr\u00f3prio decreto), foi expulso do curso de Direito, mas conseguiu matricular-se na Faculdade de Direito C\u00e2ndido Mendes, no Rio de Janeiro, onde concluiu o curso, bacharelando-se em Ci\u00eancias Jur\u00eddicas e Sociais. Inscreveu-se na OAB, voltou a Itapetinga, desenvolveu a\u00ed atividade pol\u00edtica, redigiu e imprimiu, utilizando-se de um \u201creco-reco\u201d (esp\u00e9cie primitiva, artesanal e simplificada, de mime\u00f3grafo consistente em t\u00e1bua lisa, tela de n\u00e1ilon, rolo com tinta e stencil\/matriz escrita) imprimia um \u201cjornal\u201d intitulado \u201cO Fa\u00e7\u00e3o\u201d, dirigido aos trabalhadores e distribu\u00eddo sigilosamente.<\/strong><\/p>\n<p><strong>Por suas atividades pol\u00edticas no movimento estudantil e acusa\u00e7\u00e3o de ser membro do PC do B, respondeu a IPM e processo perante a Auditoria Militar (que julgava civis pela pr\u00e1tica dos chamados crimes contra a Seguran\u00e7a Nacional. Antes da senten\u00e7a condenat\u00f3ria, intu\u00eda a condena\u00e7\u00e3o, que realmente iria ocorrer: de fato foi condenado a dois anos e dois meses de reclus\u00e3o em 13 de maio de 1971. Antes, resolveu incorporar-se \u00e0 luta guerrilheira do Araguaia, para a\u00ed viajando em abril de 1971. Nas selvas do Araguaia morreu em combate com as for\u00e7as da ditadura, tinha ent\u00e3o 31 anos de idade.<\/strong><\/p>\n<p><strong>Tanta recorda\u00e7\u00e3o provocam um postal do Elevador Lacerda e a mensagem em seu verso. Isso faz-me fazer mem\u00f3ria do amigo Rosalindo. \u00c9 que (e o leitor deve procurar lembrar quem o disse) \u201co pensamento parece uma coisa \u00e0 toa, mas como \u00e9 que a gente voa quando come\u00e7a a pensar\u201d. Vai um come\u00e7o: foi um grande compositor e letrista. \/\/Blog do Anderson<\/strong><\/p>\n","protected":false},"excerpt":{"rendered":"<p>Por Rui Medeiros Gelci Gusm\u00e3o, advogado que se notabilizou em defesas perante o j\u00fari, exibe-me um postal que retrata o Elevador Lacerda. No plano superior, v\u00ea-se parte do Pal\u00e1cio Rio Branco, ent\u00e3o sede da governadoria estadual, e, presa \u00e0 mureta vazada que dividia pra\u00e7a Tom\u00e9 de Souza da encosta do elevador, uma publicidade, em c\u00edrculo, [&hellip;]<\/p>\n","protected":false},"author":2,"featured_media":108601,"comment_status":"open","ping_status":"open","sticky":false,"template":"","format":"standard","meta":{"footnotes":"","_links_to":"","_links_to_target":""},"categories":[1],"tags":[],"class_list":["post-108600","post","type-post","status-publish","format-standard","has-post-thumbnail","hentry","category-geral"],"views":725,"_links":{"self":[{"href":"https:\/\/www.sudoestehoje.com.br\/novoportal\/wp-json\/wp\/v2\/posts\/108600","targetHints":{"allow":["GET"]}}],"collection":[{"href":"https:\/\/www.sudoestehoje.com.br\/novoportal\/wp-json\/wp\/v2\/posts"}],"about":[{"href":"https:\/\/www.sudoestehoje.com.br\/novoportal\/wp-json\/wp\/v2\/types\/post"}],"author":[{"embeddable":true,"href":"https:\/\/www.sudoestehoje.com.br\/novoportal\/wp-json\/wp\/v2\/users\/2"}],"replies":[{"embeddable":true,"href":"https:\/\/www.sudoestehoje.com.br\/novoportal\/wp-json\/wp\/v2\/comments?post=108600"}],"version-history":[{"count":3,"href":"https:\/\/www.sudoestehoje.com.br\/novoportal\/wp-json\/wp\/v2\/posts\/108600\/revisions"}],"predecessor-version":[{"id":108604,"href":"https:\/\/www.sudoestehoje.com.br\/novoportal\/wp-json\/wp\/v2\/posts\/108600\/revisions\/108604"}],"wp:featuredmedia":[{"embeddable":true,"href":"https:\/\/www.sudoestehoje.com.br\/novoportal\/wp-json\/wp\/v2\/media\/108601"}],"wp:attachment":[{"href":"https:\/\/www.sudoestehoje.com.br\/novoportal\/wp-json\/wp\/v2\/media?parent=108600"}],"wp:term":[{"taxonomy":"category","embeddable":true,"href":"https:\/\/www.sudoestehoje.com.br\/novoportal\/wp-json\/wp\/v2\/categories?post=108600"},{"taxonomy":"post_tag","embeddable":true,"href":"https:\/\/www.sudoestehoje.com.br\/novoportal\/wp-json\/wp\/v2\/tags?post=108600"}],"curies":[{"name":"wp","href":"https:\/\/api.w.org\/{rel}","templated":true}]}}