
{"id":108595,"date":"2023-03-25T19:59:55","date_gmt":"2023-03-25T22:59:55","guid":{"rendered":"https:\/\/www.sudoestehoje.com.br\/novoportal\/?p=108595"},"modified":"2023-03-25T19:59:55","modified_gmt":"2023-03-25T22:59:55","slug":"idoso-e-flagrado-abusando-de-crianca-em-onibus-que-seguia-de-ilheus-para-sao-paulo","status":"publish","type":"post","link":"https:\/\/www.sudoestehoje.com.br\/novoportal\/2023\/03\/25\/idoso-e-flagrado-abusando-de-crianca-em-onibus-que-seguia-de-ilheus-para-sao-paulo\/","title":{"rendered":"IDOSO \u00c9 FLAGRADO ABUSANDO DE CRIAN\u00c7A EM \u00d4NIBUS QUE SEGUIA DE ILH\u00c9US PARA S\u00c3O PAULO"},"content":{"rendered":"<p><a href=\"https:\/\/www.sudoestehoje.com.br\/novoportal\/wp-content\/uploads\/2023\/03\/homem-criminoso.jpg\"><img loading=\"lazy\" decoding=\"async\" class=\"aligncenter size-medium wp-image-108596\" src=\"https:\/\/www.sudoestehoje.com.br\/novoportal\/wp-content\/uploads\/2023\/03\/homem-criminoso-500x334.jpg\" alt=\"\" width=\"500\" height=\"334\" srcset=\"https:\/\/www.sudoestehoje.com.br\/novoportal\/wp-content\/uploads\/2023\/03\/homem-criminoso-500x334.jpg 500w, https:\/\/www.sudoestehoje.com.br\/novoportal\/wp-content\/uploads\/2023\/03\/homem-criminoso.jpg 700w\" sizes=\"auto, (max-width: 500px) 100vw, 500px\" \/><\/a><\/p>\n<p><strong>Policiais rodovi\u00e1rios federais prenderam, na sexta-feira (24), em flagrante, um homem de 67 anos por abuso sexual praticado contra uma crian\u00e7a de 7 anos. A pris\u00e3o ocorreu no interior de um \u00f4nibus que seguia de Ilh\u00e9us, no sul da Bahia, com destino ao estado de S\u00e3o Paulo. O flagrante ocorreu quando o \u00f4nibus trafegava pela BR-116, no munic\u00edpio de Vit\u00f3ria da Conquista, no sudoeste do estado.<\/strong><\/p>\n<p><strong>De acordo com relatos dos passageiros, o homem percebeu que a m\u00e3e da menina dormia e come\u00e7ou a acariciar as pernas e partes \u00edntimas da menor. Na sequ\u00eancia, o violador passou a se masturbar, momento em que os ocupantes do \u00f4nibus avisaram o motorista, que parou no posto da PRF e pediu ajuda aos policiais.<\/strong><\/p>\n<p><strong>O acusado de abuso sexual da menor foi enviado para a Delegacia de Pol\u00edcia Civil de de Vit\u00f3ria da Conquista. O idoso, que informou ser morador de S\u00e3o Paulo, foi autuado pelos crimes de estupro de vulner\u00e1vel e satisfa\u00e7\u00e3o de lasc\u00edvia mediante presen\u00e7a de crian\u00e7a ou adolescente. Ele deve ser encaminhado para o conjunto penal. <em>\/\/Pimenta<\/em><\/strong><\/p>\n","protected":false},"excerpt":{"rendered":"<p>Policiais rodovi\u00e1rios federais prenderam, na sexta-feira (24), em flagrante, um homem de 67 anos por abuso sexual praticado contra uma crian\u00e7a de 7 anos. A pris\u00e3o ocorreu no interior de um \u00f4nibus que seguia de Ilh\u00e9us, no sul da Bahia, com destino ao estado de S\u00e3o Paulo. O flagrante ocorreu quando o \u00f4nibus trafegava pela [&hellip;]<\/p>\n","protected":false},"author":2,"featured_media":108596,"comment_status":"open","ping_status":"open","sticky":false,"template":"","format":"standard","meta":{"footnotes":"","_links_to":"","_links_to_target":""},"categories":[1],"tags":[],"class_list":["post-108595","post","type-post","status-publish","format-standard","has-post-thumbnail","hentry","category-geral"],"views":777,"_links":{"self":[{"href":"https:\/\/www.sudoestehoje.com.br\/novoportal\/wp-json\/wp\/v2\/posts\/108595","targetHints":{"allow":["GET"]}}],"collection":[{"href":"https:\/\/www.sudoestehoje.com.br\/novoportal\/wp-json\/wp\/v2\/posts"}],"about":[{"href":"https:\/\/www.sudoestehoje.com.br\/novoportal\/wp-json\/wp\/v2\/types\/post"}],"author":[{"embeddable":true,"href":"https:\/\/www.sudoestehoje.com.br\/novoportal\/wp-json\/wp\/v2\/users\/2"}],"replies":[{"embeddable":true,"href":"https:\/\/www.sudoestehoje.com.br\/novoportal\/wp-json\/wp\/v2\/comments?post=108595"}],"version-history":[{"count":2,"href":"https:\/\/www.sudoestehoje.com.br\/novoportal\/wp-json\/wp\/v2\/posts\/108595\/revisions"}],"predecessor-version":[{"id":108598,"href":"https:\/\/www.sudoestehoje.com.br\/novoportal\/wp-json\/wp\/v2\/posts\/108595\/revisions\/108598"}],"wp:featuredmedia":[{"embeddable":true,"href":"https:\/\/www.sudoestehoje.com.br\/novoportal\/wp-json\/wp\/v2\/media\/108596"}],"wp:attachment":[{"href":"https:\/\/www.sudoestehoje.com.br\/novoportal\/wp-json\/wp\/v2\/media?parent=108595"}],"wp:term":[{"taxonomy":"category","embeddable":true,"href":"https:\/\/www.sudoestehoje.com.br\/novoportal\/wp-json\/wp\/v2\/categories?post=108595"},{"taxonomy":"post_tag","embeddable":true,"href":"https:\/\/www.sudoestehoje.com.br\/novoportal\/wp-json\/wp\/v2\/tags?post=108595"}],"curies":[{"name":"wp","href":"https:\/\/api.w.org\/{rel}","templated":true}]}}