
{"id":108570,"date":"2023-03-24T11:02:09","date_gmt":"2023-03-24T14:02:09","guid":{"rendered":"https:\/\/www.sudoestehoje.com.br\/novoportal\/?p=108570"},"modified":"2023-03-24T11:02:38","modified_gmt":"2023-03-24T14:02:38","slug":"com-pneumonia-lula-cancela-agenda-e-adia-viagem-para-a-china","status":"publish","type":"post","link":"https:\/\/www.sudoestehoje.com.br\/novoportal\/2023\/03\/24\/com-pneumonia-lula-cancela-agenda-e-adia-viagem-para-a-china\/","title":{"rendered":"COM PNEUMONIA, LULA CANCELA AGENDA E ADIA VIAGEM PARA A CHINA"},"content":{"rendered":"<p><a href=\"https:\/\/www.sudoestehoje.com.br\/novoportal\/wp-content\/uploads\/2023\/03\/whatsapp-image-2023-03-24-at-09.14.12-1-.webp\"><img loading=\"lazy\" decoding=\"async\" class=\"aligncenter size-medium wp-image-108573\" src=\"https:\/\/www.sudoestehoje.com.br\/novoportal\/wp-content\/uploads\/2023\/03\/whatsapp-image-2023-03-24-at-09.14.12-1--500x314.webp\" alt=\"\" width=\"500\" height=\"314\" srcset=\"https:\/\/www.sudoestehoje.com.br\/novoportal\/wp-content\/uploads\/2023\/03\/whatsapp-image-2023-03-24-at-09.14.12-1--500x314.webp 500w, https:\/\/www.sudoestehoje.com.br\/novoportal\/wp-content\/uploads\/2023\/03\/whatsapp-image-2023-03-24-at-09.14.12-1--700x439.webp 700w, https:\/\/www.sudoestehoje.com.br\/novoportal\/wp-content\/uploads\/2023\/03\/whatsapp-image-2023-03-24-at-09.14.12-1--768x482.webp 768w, https:\/\/www.sudoestehoje.com.br\/novoportal\/wp-content\/uploads\/2023\/03\/whatsapp-image-2023-03-24-at-09.14.12-1-.webp 924w\" sizes=\"auto, (max-width: 500px) 100vw, 500px\" \/><\/a><\/p>\n<p><strong>O presidente Lula (PT) est\u00e1 com pneumonia leve e vai atrasar o embarque para a China da manh\u00e3 de s\u00e1bado (25) para a manh\u00e3 de domingo (26).<\/strong><\/p>\n<p><strong>Segundo a assessoria do presidente, Lula passou por exames no Hospital S\u00edrio Liban\u00eas, em S\u00e3o Paulo, na noite de quinta-feira (23).<\/strong><\/p>\n<p><strong>O atual presidente passou por uma agenda cheia nos \u00faltimos dias, inclusive viagens ao Nordeste. Vale lembrar que Lula tem 77 anos e inspira cuidados de sua equipe m\u00e9dica.<\/strong><\/p>\n","protected":false},"excerpt":{"rendered":"<p>O presidente Lula (PT) est\u00e1 com pneumonia leve e vai atrasar o embarque para a China da manh\u00e3 de s\u00e1bado (25) para a manh\u00e3 de domingo (26). Segundo a assessoria do presidente, Lula passou por exames no Hospital S\u00edrio Liban\u00eas, em S\u00e3o Paulo, na noite de quinta-feira (23). O atual presidente passou por uma agenda [&hellip;]<\/p>\n","protected":false},"author":2,"featured_media":108573,"comment_status":"open","ping_status":"open","sticky":false,"template":"","format":"standard","meta":{"footnotes":"","_links_to":"","_links_to_target":""},"categories":[1],"tags":[],"class_list":["post-108570","post","type-post","status-publish","format-standard","has-post-thumbnail","hentry","category-geral"],"views":720,"_links":{"self":[{"href":"https:\/\/www.sudoestehoje.com.br\/novoportal\/wp-json\/wp\/v2\/posts\/108570","targetHints":{"allow":["GET"]}}],"collection":[{"href":"https:\/\/www.sudoestehoje.com.br\/novoportal\/wp-json\/wp\/v2\/posts"}],"about":[{"href":"https:\/\/www.sudoestehoje.com.br\/novoportal\/wp-json\/wp\/v2\/types\/post"}],"author":[{"embeddable":true,"href":"https:\/\/www.sudoestehoje.com.br\/novoportal\/wp-json\/wp\/v2\/users\/2"}],"replies":[{"embeddable":true,"href":"https:\/\/www.sudoestehoje.com.br\/novoportal\/wp-json\/wp\/v2\/comments?post=108570"}],"version-history":[{"count":4,"href":"https:\/\/www.sudoestehoje.com.br\/novoportal\/wp-json\/wp\/v2\/posts\/108570\/revisions"}],"predecessor-version":[{"id":108575,"href":"https:\/\/www.sudoestehoje.com.br\/novoportal\/wp-json\/wp\/v2\/posts\/108570\/revisions\/108575"}],"wp:featuredmedia":[{"embeddable":true,"href":"https:\/\/www.sudoestehoje.com.br\/novoportal\/wp-json\/wp\/v2\/media\/108573"}],"wp:attachment":[{"href":"https:\/\/www.sudoestehoje.com.br\/novoportal\/wp-json\/wp\/v2\/media?parent=108570"}],"wp:term":[{"taxonomy":"category","embeddable":true,"href":"https:\/\/www.sudoestehoje.com.br\/novoportal\/wp-json\/wp\/v2\/categories?post=108570"},{"taxonomy":"post_tag","embeddable":true,"href":"https:\/\/www.sudoestehoje.com.br\/novoportal\/wp-json\/wp\/v2\/tags?post=108570"}],"curies":[{"name":"wp","href":"https:\/\/api.w.org\/{rel}","templated":true}]}}