
{"id":108564,"date":"2023-03-23T12:48:22","date_gmt":"2023-03-23T15:48:22","guid":{"rendered":"https:\/\/www.sudoestehoje.com.br\/novoportal\/?p=108564"},"modified":"2023-03-23T12:55:28","modified_gmt":"2023-03-23T15:55:28","slug":"procon-fiscaliza-postos-de-combustiveis-em-itapetinga-mas-nao-divulgou-se-houve-autuacoes","status":"publish","type":"post","link":"https:\/\/www.sudoestehoje.com.br\/novoportal\/2023\/03\/23\/procon-fiscaliza-postos-de-combustiveis-em-itapetinga-mas-nao-divulgou-se-houve-autuacoes\/","title":{"rendered":"PROCON FISCALIZA POSTOS DE COMBUST\u00cdVEIS EM ITAPETINGA MAS N\u00c3O DIVULGOU SE HOUVE AUTUA\u00c7\u00d5ES"},"content":{"rendered":"<p><a href=\"https:\/\/www.sudoestehoje.com.br\/novoportal\/wp-content\/uploads\/2023\/03\/e58b6131-79e3-4265-bb8e-cd552f4e8fb8.jpg\"><img loading=\"lazy\" decoding=\"async\" class=\"aligncenter size-medium wp-image-108566\" src=\"https:\/\/www.sudoestehoje.com.br\/novoportal\/wp-content\/uploads\/2023\/03\/e58b6131-79e3-4265-bb8e-cd552f4e8fb8-500x282.jpg\" alt=\"\" width=\"500\" height=\"282\" srcset=\"https:\/\/www.sudoestehoje.com.br\/novoportal\/wp-content\/uploads\/2023\/03\/e58b6131-79e3-4265-bb8e-cd552f4e8fb8-500x282.jpg 500w, https:\/\/www.sudoestehoje.com.br\/novoportal\/wp-content\/uploads\/2023\/03\/e58b6131-79e3-4265-bb8e-cd552f4e8fb8.jpg 521w\" sizes=\"auto, (max-width: 500px) 100vw, 500px\" \/><\/a><\/p>\n<p><strong>Nesta quarta-feira (22), internautas flagraram a presen\u00e7a de ve\u00edculos com fiscais do Procon-Bahia e Pol\u00edcia Militar em um posto de combust\u00edveis em Itapetinga, mas n\u00e3o houve divulga\u00e7\u00e3o de alguma autua\u00e7\u00e3o por irregularidades em postos da cidade.<\/strong><\/p>\n<p><strong>H\u00e1 em Itapetinga e cidades da regi\u00e3o, muitas queixas e den\u00fancias sobre um suposto &#8216;cartel&#8217; entre os donos de postos de combust\u00edveis, que alinham pre\u00e7os e praticam outras irregularidades lesivas ao consumidor.<\/strong><\/p>\n<p><strong>A atua\u00e7\u00e3o do Procon na cidade \u00e9 novidade e chamou \u00e0 aten\u00e7\u00e3o de muitos curiosos.<\/strong><\/p>\n<p><strong>Por Davi Ferraz\u00a0\u00a0<\/strong><\/p>\n","protected":false},"excerpt":{"rendered":"<p>Nesta quarta-feira (22), internautas flagraram a presen\u00e7a de ve\u00edculos com fiscais do Procon-Bahia e Pol\u00edcia Militar em um posto de combust\u00edveis em Itapetinga, mas n\u00e3o houve divulga\u00e7\u00e3o de alguma autua\u00e7\u00e3o por irregularidades em postos da cidade. H\u00e1 em Itapetinga e cidades da regi\u00e3o, muitas queixas e den\u00fancias sobre um suposto &#8216;cartel&#8217; entre os donos de [&hellip;]<\/p>\n","protected":false},"author":2,"featured_media":108566,"comment_status":"open","ping_status":"open","sticky":false,"template":"","format":"standard","meta":{"footnotes":"","_links_to":"","_links_to_target":""},"categories":[1],"tags":[],"class_list":["post-108564","post","type-post","status-publish","format-standard","has-post-thumbnail","hentry","category-geral"],"views":696,"_links":{"self":[{"href":"https:\/\/www.sudoestehoje.com.br\/novoportal\/wp-json\/wp\/v2\/posts\/108564","targetHints":{"allow":["GET"]}}],"collection":[{"href":"https:\/\/www.sudoestehoje.com.br\/novoportal\/wp-json\/wp\/v2\/posts"}],"about":[{"href":"https:\/\/www.sudoestehoje.com.br\/novoportal\/wp-json\/wp\/v2\/types\/post"}],"author":[{"embeddable":true,"href":"https:\/\/www.sudoestehoje.com.br\/novoportal\/wp-json\/wp\/v2\/users\/2"}],"replies":[{"embeddable":true,"href":"https:\/\/www.sudoestehoje.com.br\/novoportal\/wp-json\/wp\/v2\/comments?post=108564"}],"version-history":[{"count":2,"href":"https:\/\/www.sudoestehoje.com.br\/novoportal\/wp-json\/wp\/v2\/posts\/108564\/revisions"}],"predecessor-version":[{"id":108567,"href":"https:\/\/www.sudoestehoje.com.br\/novoportal\/wp-json\/wp\/v2\/posts\/108564\/revisions\/108567"}],"wp:featuredmedia":[{"embeddable":true,"href":"https:\/\/www.sudoestehoje.com.br\/novoportal\/wp-json\/wp\/v2\/media\/108566"}],"wp:attachment":[{"href":"https:\/\/www.sudoestehoje.com.br\/novoportal\/wp-json\/wp\/v2\/media?parent=108564"}],"wp:term":[{"taxonomy":"category","embeddable":true,"href":"https:\/\/www.sudoestehoje.com.br\/novoportal\/wp-json\/wp\/v2\/categories?post=108564"},{"taxonomy":"post_tag","embeddable":true,"href":"https:\/\/www.sudoestehoje.com.br\/novoportal\/wp-json\/wp\/v2\/tags?post=108564"}],"curies":[{"name":"wp","href":"https:\/\/api.w.org\/{rel}","templated":true}]}}