
{"id":108552,"date":"2023-03-23T10:16:51","date_gmt":"2023-03-23T13:16:51","guid":{"rendered":"https:\/\/www.sudoestehoje.com.br\/novoportal\/?p=108552"},"modified":"2023-03-23T10:16:51","modified_gmt":"2023-03-23T13:16:51","slug":"itapetinga-cargos-de-confianca-da-camara-de-vereadores-continuam-em-aberto","status":"publish","type":"post","link":"https:\/\/www.sudoestehoje.com.br\/novoportal\/2023\/03\/23\/itapetinga-cargos-de-confianca-da-camara-de-vereadores-continuam-em-aberto\/","title":{"rendered":"ITAPETINGA | CARGOS DE CONFIAN\u00c7A DA C\u00c2MARA DE VEREADORES CONTINUAM EM ABERTO"},"content":{"rendered":"<p><a href=\"https:\/\/www.sudoestehoje.com.br\/novoportal\/wp-content\/uploads\/2023\/03\/4281cea9-be5b-4bbc-9f74-7f4877449499.jpg\"><img loading=\"lazy\" decoding=\"async\" class=\"aligncenter size-medium wp-image-108554\" src=\"https:\/\/www.sudoestehoje.com.br\/novoportal\/wp-content\/uploads\/2023\/03\/4281cea9-be5b-4bbc-9f74-7f4877449499-500x375.jpg\" alt=\"\" width=\"500\" height=\"375\" srcset=\"https:\/\/www.sudoestehoje.com.br\/novoportal\/wp-content\/uploads\/2023\/03\/4281cea9-be5b-4bbc-9f74-7f4877449499-500x375.jpg 500w, https:\/\/www.sudoestehoje.com.br\/novoportal\/wp-content\/uploads\/2023\/03\/4281cea9-be5b-4bbc-9f74-7f4877449499-700x525.jpg 700w, https:\/\/www.sudoestehoje.com.br\/novoportal\/wp-content\/uploads\/2023\/03\/4281cea9-be5b-4bbc-9f74-7f4877449499-768x576.jpg 768w, https:\/\/www.sudoestehoje.com.br\/novoportal\/wp-content\/uploads\/2023\/03\/4281cea9-be5b-4bbc-9f74-7f4877449499.jpg 1280w\" sizes=\"auto, (max-width: 500px) 100vw, 500px\" \/><\/a><\/p>\n<p><strong>A C\u00e2mara Municipal de Itapetinga tem em seu quadro de funcion\u00e1rios, al\u00e9m dos servidores efetivos concursados, cargos de livre nomea\u00e7\u00e3o do presidente, como Assessor Jur\u00eddico, Chefe de Gabinete, Secret\u00e1rio da Presid\u00eancia e Controlador Interno.<\/strong><\/p>\n<p><strong>Tradicionalmente, a disputa por esses cargos entre os vereadores costuma virar uma verdadeira &#8216;briga de foice no escuro&#8217;, nos acordos para composi\u00e7\u00e3o da Mesa Diretora, a cada dois anos.<\/strong><\/p>\n<p><strong>Por incr\u00edvel que pare\u00e7a, apenas o cargo de Controlador Interno foi ocupado por imperativo legal. Os demais continuam em aberto, inclusive o de Assessor Jur\u00eddico, que \u00e9 o mais cobi\u00e7ado.<\/strong><\/p>\n<p><strong>Os sal\u00e1rios s\u00e3o bons e pretendente n\u00e3o devem faltar&#8230;<\/strong><\/p>\n<p><strong><em>Por Davi Ferraz<\/em><\/strong><\/p>\n","protected":false},"excerpt":{"rendered":"<p>A C\u00e2mara Municipal de Itapetinga tem em seu quadro de funcion\u00e1rios, al\u00e9m dos servidores efetivos concursados, cargos de livre nomea\u00e7\u00e3o do presidente, como Assessor Jur\u00eddico, Chefe de Gabinete, Secret\u00e1rio da Presid\u00eancia e Controlador Interno. Tradicionalmente, a disputa por esses cargos entre os vereadores costuma virar uma verdadeira &#8216;briga de foice no escuro&#8217;, nos acordos para [&hellip;]<\/p>\n","protected":false},"author":2,"featured_media":108554,"comment_status":"open","ping_status":"open","sticky":false,"template":"","format":"standard","meta":{"footnotes":"","_links_to":"","_links_to_target":""},"categories":[1],"tags":[],"class_list":["post-108552","post","type-post","status-publish","format-standard","has-post-thumbnail","hentry","category-geral"],"views":663,"_links":{"self":[{"href":"https:\/\/www.sudoestehoje.com.br\/novoportal\/wp-json\/wp\/v2\/posts\/108552","targetHints":{"allow":["GET"]}}],"collection":[{"href":"https:\/\/www.sudoestehoje.com.br\/novoportal\/wp-json\/wp\/v2\/posts"}],"about":[{"href":"https:\/\/www.sudoestehoje.com.br\/novoportal\/wp-json\/wp\/v2\/types\/post"}],"author":[{"embeddable":true,"href":"https:\/\/www.sudoestehoje.com.br\/novoportal\/wp-json\/wp\/v2\/users\/2"}],"replies":[{"embeddable":true,"href":"https:\/\/www.sudoestehoje.com.br\/novoportal\/wp-json\/wp\/v2\/comments?post=108552"}],"version-history":[{"count":2,"href":"https:\/\/www.sudoestehoje.com.br\/novoportal\/wp-json\/wp\/v2\/posts\/108552\/revisions"}],"predecessor-version":[{"id":108555,"href":"https:\/\/www.sudoestehoje.com.br\/novoportal\/wp-json\/wp\/v2\/posts\/108552\/revisions\/108555"}],"wp:featuredmedia":[{"embeddable":true,"href":"https:\/\/www.sudoestehoje.com.br\/novoportal\/wp-json\/wp\/v2\/media\/108554"}],"wp:attachment":[{"href":"https:\/\/www.sudoestehoje.com.br\/novoportal\/wp-json\/wp\/v2\/media?parent=108552"}],"wp:term":[{"taxonomy":"category","embeddable":true,"href":"https:\/\/www.sudoestehoje.com.br\/novoportal\/wp-json\/wp\/v2\/categories?post=108552"},{"taxonomy":"post_tag","embeddable":true,"href":"https:\/\/www.sudoestehoje.com.br\/novoportal\/wp-json\/wp\/v2\/tags?post=108552"}],"curies":[{"name":"wp","href":"https:\/\/api.w.org\/{rel}","templated":true}]}}