
{"id":108548,"date":"2023-03-23T08:28:40","date_gmt":"2023-03-23T11:28:40","guid":{"rendered":"https:\/\/www.sudoestehoje.com.br\/novoportal\/?p=108548"},"modified":"2023-03-23T09:21:34","modified_gmt":"2023-03-23T12:21:34","slug":"itapetinga-sem-sinal-de-tv-aberta","status":"publish","type":"post","link":"https:\/\/www.sudoestehoje.com.br\/novoportal\/2023\/03\/23\/itapetinga-sem-sinal-de-tv-aberta\/","title":{"rendered":"ITAPETINGA SEM SINAL DE TV ABERTA"},"content":{"rendered":"<p><a href=\"https:\/\/www.sudoestehoje.com.br\/novoportal\/wp-content\/uploads\/2023\/03\/tv-televisao-sem-sinal.jpg\"><img loading=\"lazy\" decoding=\"async\" class=\"aligncenter size-medium wp-image-108549\" src=\"https:\/\/www.sudoestehoje.com.br\/novoportal\/wp-content\/uploads\/2023\/03\/tv-televisao-sem-sinal-500x326.jpg\" alt=\"\" width=\"500\" height=\"326\" srcset=\"https:\/\/www.sudoestehoje.com.br\/novoportal\/wp-content\/uploads\/2023\/03\/tv-televisao-sem-sinal-500x326.jpg 500w, https:\/\/www.sudoestehoje.com.br\/novoportal\/wp-content\/uploads\/2023\/03\/tv-televisao-sem-sinal-700x456.jpg 700w, https:\/\/www.sudoestehoje.com.br\/novoportal\/wp-content\/uploads\/2023\/03\/tv-televisao-sem-sinal-768x500.jpg 768w, https:\/\/www.sudoestehoje.com.br\/novoportal\/wp-content\/uploads\/2023\/03\/tv-televisao-sem-sinal.jpg 800w\" sizes=\"auto, (max-width: 500px) 100vw, 500px\" \/><\/a><\/p>\n<p><strong>Desde a tarde de ontem (quarta-feira &#8211; 22), alguns canais de TV aberta est\u00e3o fora do ar em Itapetinga, sem qualquer explica\u00e7\u00e3o.<\/strong><\/p>\n<p><strong>A TV Sudoeste, afiliada da Globo, foi a primeira a sair do ar e continua OFF at\u00e9 as primeiras horas desta quinta (23).\u00a0TV Cabr\u00e1lia (Record), Educativa e SBT tamb\u00e9m est\u00e3o fora.<\/strong><\/p>\n<p><strong>O fato aconteceu, segundo informa\u00e7\u00f5es colhidas pelo Sudoeste Hoje, depois de uma forte ventania que pode ter atingido a rede de energia el\u00e9trica na serra das torres. A Coelba j\u00e1 foi acionada e est\u00e1 fazendo os reparos na rede el\u00e9trica da torre, que rompeu ontem.<\/strong><\/p>\n<p><strong>Para quem n\u00e3o vive sem TV, resta somente a op\u00e7\u00e3o da &#8216;Gatonet&#8217;.<\/strong><\/p>\n<p>Por Davi Ferraz<\/p>\n","protected":false},"excerpt":{"rendered":"<p>Desde a tarde de ontem (quarta-feira &#8211; 22), alguns canais de TV aberta est\u00e3o fora do ar em Itapetinga, sem qualquer explica\u00e7\u00e3o. A TV Sudoeste, afiliada da Globo, foi a primeira a sair do ar e continua OFF at\u00e9 as primeiras horas desta quinta (23).\u00a0TV Cabr\u00e1lia (Record), Educativa e SBT tamb\u00e9m est\u00e3o fora. O fato [&hellip;]<\/p>\n","protected":false},"author":2,"featured_media":108549,"comment_status":"open","ping_status":"open","sticky":false,"template":"","format":"standard","meta":{"footnotes":"","_links_to":"","_links_to_target":""},"categories":[1],"tags":[],"class_list":["post-108548","post","type-post","status-publish","format-standard","has-post-thumbnail","hentry","category-geral"],"views":1225,"_links":{"self":[{"href":"https:\/\/www.sudoestehoje.com.br\/novoportal\/wp-json\/wp\/v2\/posts\/108548","targetHints":{"allow":["GET"]}}],"collection":[{"href":"https:\/\/www.sudoestehoje.com.br\/novoportal\/wp-json\/wp\/v2\/posts"}],"about":[{"href":"https:\/\/www.sudoestehoje.com.br\/novoportal\/wp-json\/wp\/v2\/types\/post"}],"author":[{"embeddable":true,"href":"https:\/\/www.sudoestehoje.com.br\/novoportal\/wp-json\/wp\/v2\/users\/2"}],"replies":[{"embeddable":true,"href":"https:\/\/www.sudoestehoje.com.br\/novoportal\/wp-json\/wp\/v2\/comments?post=108548"}],"version-history":[{"count":2,"href":"https:\/\/www.sudoestehoje.com.br\/novoportal\/wp-json\/wp\/v2\/posts\/108548\/revisions"}],"predecessor-version":[{"id":108551,"href":"https:\/\/www.sudoestehoje.com.br\/novoportal\/wp-json\/wp\/v2\/posts\/108548\/revisions\/108551"}],"wp:featuredmedia":[{"embeddable":true,"href":"https:\/\/www.sudoestehoje.com.br\/novoportal\/wp-json\/wp\/v2\/media\/108549"}],"wp:attachment":[{"href":"https:\/\/www.sudoestehoje.com.br\/novoportal\/wp-json\/wp\/v2\/media?parent=108548"}],"wp:term":[{"taxonomy":"category","embeddable":true,"href":"https:\/\/www.sudoestehoje.com.br\/novoportal\/wp-json\/wp\/v2\/categories?post=108548"},{"taxonomy":"post_tag","embeddable":true,"href":"https:\/\/www.sudoestehoje.com.br\/novoportal\/wp-json\/wp\/v2\/tags?post=108548"}],"curies":[{"name":"wp","href":"https:\/\/api.w.org\/{rel}","templated":true}]}}