
{"id":108543,"date":"2023-03-22T21:59:20","date_gmt":"2023-03-23T00:59:20","guid":{"rendered":"https:\/\/www.sudoestehoje.com.br\/novoportal\/?p=108543"},"modified":"2023-03-22T21:59:57","modified_gmt":"2023-03-23T00:59:57","slug":"em-aldeia-indigena-rosa-weber-promete-pautar-marco-temporal-ate-junho-no-stf","status":"publish","type":"post","link":"https:\/\/www.sudoestehoje.com.br\/novoportal\/2023\/03\/22\/em-aldeia-indigena-rosa-weber-promete-pautar-marco-temporal-ate-junho-no-stf\/","title":{"rendered":"EM ALDEIA IND\u00cdGENA, ROSA WEBER PROMETE PAUTAR MARCO TEMPORAL AT\u00c9 JUNHO NO STF"},"content":{"rendered":"<p><a href=\"https:\/\/www.sudoestehoje.com.br\/novoportal\/wp-content\/uploads\/2023\/03\/ministra-rosa-weber-com-povos-indigenas-22032023111241896-1000x530-1.jpeg\"><img loading=\"lazy\" decoding=\"async\" class=\"aligncenter size-medium wp-image-108545\" src=\"https:\/\/www.sudoestehoje.com.br\/novoportal\/wp-content\/uploads\/2023\/03\/ministra-rosa-weber-com-povos-indigenas-22032023111241896-1000x530-1-500x265.jpeg\" alt=\"\" width=\"500\" height=\"265\" srcset=\"https:\/\/www.sudoestehoje.com.br\/novoportal\/wp-content\/uploads\/2023\/03\/ministra-rosa-weber-com-povos-indigenas-22032023111241896-1000x530-1-500x265.jpeg 500w, https:\/\/www.sudoestehoje.com.br\/novoportal\/wp-content\/uploads\/2023\/03\/ministra-rosa-weber-com-povos-indigenas-22032023111241896-1000x530-1-700x371.jpeg 700w, https:\/\/www.sudoestehoje.com.br\/novoportal\/wp-content\/uploads\/2023\/03\/ministra-rosa-weber-com-povos-indigenas-22032023111241896-1000x530-1-768x407.jpeg 768w, https:\/\/www.sudoestehoje.com.br\/novoportal\/wp-content\/uploads\/2023\/03\/ministra-rosa-weber-com-povos-indigenas-22032023111241896-1000x530-1.jpeg 1000w\" sizes=\"auto, (max-width: 500px) 100vw, 500px\" \/><\/a><\/p>\n<p><strong>A ministra Rosa Weber, presidente do Supremo Tribunal Federal (STF) e do Conselho Nacional de Justi\u00e7a (CNJ), afirmou nesta ter\u00e7a-feira (21) que pautar\u00e1 ainda no primeiro semestre deste ano o processo que discute o fim do marco temporal da demarca\u00e7\u00e3o de terras ind\u00edgenas. A fala ocorreu no final do encontro com povos ind\u00edgenas na Aldeia Paran\u00e1, no Vale do Javari (AM).<\/strong><\/p>\n<p><strong>A quest\u00e3o \u00e9 tema na discuss\u00e3o sobre se a data da promulga\u00e7\u00e3o da Constitui\u00e7\u00e3o Federal de 1988 deve ou n\u00e3o ser adotada como marco temporal para defini\u00e7\u00e3o da ocupa\u00e7\u00e3o da terra por ind\u00edgenas. O julgamento j\u00e1 teve in\u00edcio, mas foi interrompido por pedido de vista (mais tempo para analisar o processo) e voltar\u00e1 \u00e0 pauta de julgamentos.<\/strong><\/p>\n<p><strong>O STF come\u00e7ou a julgar em agosto de 2021 se a demarca\u00e7\u00e3o de terras ind\u00edgenas deve seguir o crit\u00e9rio do marco temporal, pelo qual ind\u00edgenas s\u00f3 podem reivindicar a demarca\u00e7\u00e3o de terras j\u00e1 ocupadas por eles antes da data de promulga\u00e7\u00e3o da Constitui\u00e7\u00e3o Federal, em 5 de outubro de 1988. Em 15 de setembro de 2021, o ministro Alexandre de Moraes pediu vista.<\/strong><\/p>\n<p><strong>O placar do julgamento est\u00e1 empatado em 1 a 1.<\/strong><\/p>\n","protected":false},"excerpt":{"rendered":"<p>A ministra Rosa Weber, presidente do Supremo Tribunal Federal (STF) e do Conselho Nacional de Justi\u00e7a (CNJ), afirmou nesta ter\u00e7a-feira (21) que pautar\u00e1 ainda no primeiro semestre deste ano o processo que discute o fim do marco temporal da demarca\u00e7\u00e3o de terras ind\u00edgenas. A fala ocorreu no final do encontro com povos ind\u00edgenas na Aldeia [&hellip;]<\/p>\n","protected":false},"author":2,"featured_media":108545,"comment_status":"open","ping_status":"open","sticky":false,"template":"","format":"standard","meta":{"footnotes":"","_links_to":"","_links_to_target":""},"categories":[1],"tags":[],"class_list":["post-108543","post","type-post","status-publish","format-standard","has-post-thumbnail","hentry","category-geral"],"views":964,"_links":{"self":[{"href":"https:\/\/www.sudoestehoje.com.br\/novoportal\/wp-json\/wp\/v2\/posts\/108543","targetHints":{"allow":["GET"]}}],"collection":[{"href":"https:\/\/www.sudoestehoje.com.br\/novoportal\/wp-json\/wp\/v2\/posts"}],"about":[{"href":"https:\/\/www.sudoestehoje.com.br\/novoportal\/wp-json\/wp\/v2\/types\/post"}],"author":[{"embeddable":true,"href":"https:\/\/www.sudoestehoje.com.br\/novoportal\/wp-json\/wp\/v2\/users\/2"}],"replies":[{"embeddable":true,"href":"https:\/\/www.sudoestehoje.com.br\/novoportal\/wp-json\/wp\/v2\/comments?post=108543"}],"version-history":[{"count":3,"href":"https:\/\/www.sudoestehoje.com.br\/novoportal\/wp-json\/wp\/v2\/posts\/108543\/revisions"}],"predecessor-version":[{"id":108547,"href":"https:\/\/www.sudoestehoje.com.br\/novoportal\/wp-json\/wp\/v2\/posts\/108543\/revisions\/108547"}],"wp:featuredmedia":[{"embeddable":true,"href":"https:\/\/www.sudoestehoje.com.br\/novoportal\/wp-json\/wp\/v2\/media\/108545"}],"wp:attachment":[{"href":"https:\/\/www.sudoestehoje.com.br\/novoportal\/wp-json\/wp\/v2\/media?parent=108543"}],"wp:term":[{"taxonomy":"category","embeddable":true,"href":"https:\/\/www.sudoestehoje.com.br\/novoportal\/wp-json\/wp\/v2\/categories?post=108543"},{"taxonomy":"post_tag","embeddable":true,"href":"https:\/\/www.sudoestehoje.com.br\/novoportal\/wp-json\/wp\/v2\/tags?post=108543"}],"curies":[{"name":"wp","href":"https:\/\/api.w.org\/{rel}","templated":true}]}}