
{"id":108532,"date":"2023-03-22T21:23:40","date_gmt":"2023-03-23T00:23:40","guid":{"rendered":"https:\/\/www.sudoestehoje.com.br\/novoportal\/?p=108532"},"modified":"2023-03-22T21:28:50","modified_gmt":"2023-03-23T00:28:50","slug":"itapetinga-saae-comemora-o-dia-mundial-da-agua-com-cafe-da-manha-entre-servidores","status":"publish","type":"post","link":"https:\/\/www.sudoestehoje.com.br\/novoportal\/2023\/03\/22\/itapetinga-saae-comemora-o-dia-mundial-da-agua-com-cafe-da-manha-entre-servidores\/","title":{"rendered":"ITAPETINGA: SAAE COMEMORA O DIA MUNDIAL DA \u00c1GUA COM CAF\u00c9 DA MANH\u00c3 ENTRE SERVIDORES"},"content":{"rendered":"<p><a href=\"https:\/\/www.sudoestehoje.com.br\/novoportal\/wp-content\/uploads\/2023\/03\/WhatsApp-Image-2023-03-22-at-10.03.40-1024x768-2.jpeg\"><img loading=\"lazy\" decoding=\"async\" class=\"aligncenter size-medium wp-image-108534\" src=\"https:\/\/www.sudoestehoje.com.br\/novoportal\/wp-content\/uploads\/2023\/03\/WhatsApp-Image-2023-03-22-at-10.03.40-1024x768-2-500x233.jpeg\" alt=\"\" width=\"500\" height=\"233\" srcset=\"https:\/\/www.sudoestehoje.com.br\/novoportal\/wp-content\/uploads\/2023\/03\/WhatsApp-Image-2023-03-22-at-10.03.40-1024x768-2-500x233.jpeg 500w, https:\/\/www.sudoestehoje.com.br\/novoportal\/wp-content\/uploads\/2023\/03\/WhatsApp-Image-2023-03-22-at-10.03.40-1024x768-2-700x327.jpeg 700w, https:\/\/www.sudoestehoje.com.br\/novoportal\/wp-content\/uploads\/2023\/03\/WhatsApp-Image-2023-03-22-at-10.03.40-1024x768-2-768x358.jpeg 768w, https:\/\/www.sudoestehoje.com.br\/novoportal\/wp-content\/uploads\/2023\/03\/WhatsApp-Image-2023-03-22-at-10.03.40-1024x768-2.jpeg 986w\" sizes=\"auto, (max-width: 500px) 100vw, 500px\" \/><\/a><\/p>\n<p><strong>Em comemora\u00e7\u00e3o ao Dia Mundial da agua, o SAAE de Itapetinga ofereceu um delicioso caf\u00e9 da manha no escrit\u00f3rio central a todos os seus servidores e autoridades do munic\u00edpio .<\/strong><\/p>\n<p><strong>Com o tema \u201cPreservar a \u00c1gua \u00e9 Valorizar a Vida&#8221;, os servidores devidamente uniformizados estamparam nas camisas a frase da conscientiza\u00e7\u00e3o. Diretor Eng\u00b0 Airton Ferraz agradeceu a presen\u00e7a das autoridades, prefeito Rodrigo Hagge, vice-prefeito Renan Pereira, presidente da C\u00e2mara Joao de Deus e demais vereadores, secret\u00e1rios municipais, al\u00e9m do l\u00edder maior Sr. Michel Hagge e esposa D.Iracema Hagge.<\/strong><\/p>\n<p><strong>O engenheiro Airton Ferraz agradeceu aos funcion\u00e1rios pelo empenho e dedica\u00e7\u00e3o no desempenho das suas fun\u00e7\u00f5es, para servir sempre \u00e1gua de qualidade aos usu\u00e1rios. \/\/Ascom<\/strong><\/p>\n\n\t\t<style type=\"text\/css\">\n\t\t\t#gallery-1 {\n\t\t\t\tmargin: auto;\n\t\t\t}\n\t\t\t#gallery-1 .gallery-item {\n\t\t\t\tfloat: left;\n\t\t\t\tmargin-top: 10px;\n\t\t\t\ttext-align: center;\n\t\t\t\twidth: 33%;\n\t\t\t}\n\t\t\t#gallery-1 img {\n\t\t\t\tborder: 2px solid #cfcfcf;\n\t\t\t}\n\t\t\t#gallery-1 .gallery-caption {\n\t\t\t\tmargin-left: 0;\n\t\t\t}\n\t\t\t\/* see gallery_shortcode() in wp-includes\/media.php *\/\n\t\t<\/style>\n\t\t<div id='gallery-1' class='gallery galleryid-108532 gallery-columns-3 gallery-size-thumbnail'><dl class='gallery-item'>\n\t\t\t<dt class='gallery-icon landscape'>\n\t\t\t\t<a href='https:\/\/www.sudoestehoje.com.br\/novoportal\/2023\/03\/22\/itapetinga-saae-comemora-o-dia-mundial-da-agua-com-cafe-da-manha-entre-servidores\/whatsapp-image-2023-03-22-at-13-49-22-1024x768\/'><img loading=\"lazy\" decoding=\"async\" width=\"150\" height=\"150\" src=\"https:\/\/www.sudoestehoje.com.br\/novoportal\/wp-content\/uploads\/2023\/03\/WhatsApp-Image-2023-03-22-at-13.49.22-1024x768-1-150x150.jpeg\" class=\"attachment-thumbnail size-thumbnail\" alt=\"\" \/><\/a>\n\t\t\t<\/dt><\/dl><dl class='gallery-item'>\n\t\t\t<dt class='gallery-icon landscape'>\n\t\t\t\t<a href='https:\/\/www.sudoestehoje.com.br\/novoportal\/2023\/03\/22\/itapetinga-saae-comemora-o-dia-mundial-da-agua-com-cafe-da-manha-entre-servidores\/whatsapp-image-2023-03-22-at-13-36-12-1024x682\/'><img loading=\"lazy\" decoding=\"async\" width=\"150\" height=\"150\" src=\"https:\/\/www.sudoestehoje.com.br\/novoportal\/wp-content\/uploads\/2023\/03\/WhatsApp-Image-2023-03-22-at-13.36.12-1024x682-1-150x150.jpeg\" class=\"attachment-thumbnail size-thumbnail\" alt=\"\" \/><\/a>\n\t\t\t<\/dt><\/dl><dl class='gallery-item'>\n\t\t\t<dt class='gallery-icon landscape'>\n\t\t\t\t<a href='https:\/\/www.sudoestehoje.com.br\/novoportal\/2023\/03\/22\/itapetinga-saae-comemora-o-dia-mundial-da-agua-com-cafe-da-manha-entre-servidores\/whatsapp-image-2023-03-22-at-10-03-39-1024x768\/'><img loading=\"lazy\" decoding=\"async\" width=\"150\" height=\"150\" src=\"https:\/\/www.sudoestehoje.com.br\/novoportal\/wp-content\/uploads\/2023\/03\/WhatsApp-Image-2023-03-22-at-10.03.39-1024x768-1-150x150.jpeg\" class=\"attachment-thumbnail size-thumbnail\" alt=\"\" \/><\/a>\n\t\t\t<\/dt><\/dl><br style=\"clear: both\" \/><dl class='gallery-item'>\n\t\t\t<dt class='gallery-icon landscape'>\n\t\t\t\t<a href='https:\/\/www.sudoestehoje.com.br\/novoportal\/2023\/03\/22\/itapetinga-saae-comemora-o-dia-mundial-da-agua-com-cafe-da-manha-entre-servidores\/whatsapp-image-2023-03-22-at-13-29-11-1024x682\/'><img loading=\"lazy\" decoding=\"async\" width=\"150\" height=\"150\" src=\"https:\/\/www.sudoestehoje.com.br\/novoportal\/wp-content\/uploads\/2023\/03\/WhatsApp-Image-2023-03-22-at-13.29.11-1024x682-1-150x150.jpeg\" class=\"attachment-thumbnail size-thumbnail\" alt=\"\" \/><\/a>\n\t\t\t<\/dt><\/dl><dl class='gallery-item'>\n\t\t\t<dt class='gallery-icon landscape'>\n\t\t\t\t<a href='https:\/\/www.sudoestehoje.com.br\/novoportal\/2023\/03\/22\/itapetinga-saae-comemora-o-dia-mundial-da-agua-com-cafe-da-manha-entre-servidores\/whatsapp-image-2023-03-22-at-10-03-37-1024x768\/'><img loading=\"lazy\" decoding=\"async\" width=\"150\" height=\"150\" src=\"https:\/\/www.sudoestehoje.com.br\/novoportal\/wp-content\/uploads\/2023\/03\/WhatsApp-Image-2023-03-22-at-10.03.37-1024x768-1-150x150.jpeg\" class=\"attachment-thumbnail size-thumbnail\" alt=\"\" \/><\/a>\n\t\t\t<\/dt><\/dl><dl class='gallery-item'>\n\t\t\t<dt class='gallery-icon landscape'>\n\t\t\t\t<a href='https:\/\/www.sudoestehoje.com.br\/novoportal\/2023\/03\/22\/itapetinga-saae-comemora-o-dia-mundial-da-agua-com-cafe-da-manha-entre-servidores\/whatsapp-image-2023-03-22-at-13-29-00-1024x858\/'><img loading=\"lazy\" decoding=\"async\" width=\"150\" height=\"150\" src=\"https:\/\/www.sudoestehoje.com.br\/novoportal\/wp-content\/uploads\/2023\/03\/WhatsApp-Image-2023-03-22-at-13.29.00-1024x858-1-150x150.jpeg\" class=\"attachment-thumbnail size-thumbnail\" alt=\"\" \/><\/a>\n\t\t\t<\/dt><\/dl><br style=\"clear: both\" \/>\n\t\t<\/div>\n\n","protected":false},"excerpt":{"rendered":"<p>Em comemora\u00e7\u00e3o ao Dia Mundial da agua, o SAAE de Itapetinga ofereceu um delicioso caf\u00e9 da manha no escrit\u00f3rio central a todos os seus servidores e autoridades do munic\u00edpio . Com o tema \u201cPreservar a \u00c1gua \u00e9 Valorizar a Vida&#8221;, os servidores devidamente uniformizados estamparam nas camisas a frase da conscientiza\u00e7\u00e3o. Diretor Eng\u00b0 Airton Ferraz [&hellip;]<\/p>\n","protected":false},"author":2,"featured_media":108533,"comment_status":"open","ping_status":"open","sticky":false,"template":"","format":"standard","meta":{"footnotes":"","_links_to":"","_links_to_target":""},"categories":[1],"tags":[],"class_list":["post-108532","post","type-post","status-publish","format-standard","has-post-thumbnail","hentry","category-geral"],"views":595,"_links":{"self":[{"href":"https:\/\/www.sudoestehoje.com.br\/novoportal\/wp-json\/wp\/v2\/posts\/108532","targetHints":{"allow":["GET"]}}],"collection":[{"href":"https:\/\/www.sudoestehoje.com.br\/novoportal\/wp-json\/wp\/v2\/posts"}],"about":[{"href":"https:\/\/www.sudoestehoje.com.br\/novoportal\/wp-json\/wp\/v2\/types\/post"}],"author":[{"embeddable":true,"href":"https:\/\/www.sudoestehoje.com.br\/novoportal\/wp-json\/wp\/v2\/users\/2"}],"replies":[{"embeddable":true,"href":"https:\/\/www.sudoestehoje.com.br\/novoportal\/wp-json\/wp\/v2\/comments?post=108532"}],"version-history":[{"count":2,"href":"https:\/\/www.sudoestehoje.com.br\/novoportal\/wp-json\/wp\/v2\/posts\/108532\/revisions"}],"predecessor-version":[{"id":108542,"href":"https:\/\/www.sudoestehoje.com.br\/novoportal\/wp-json\/wp\/v2\/posts\/108532\/revisions\/108542"}],"wp:featuredmedia":[{"embeddable":true,"href":"https:\/\/www.sudoestehoje.com.br\/novoportal\/wp-json\/wp\/v2\/media\/108533"}],"wp:attachment":[{"href":"https:\/\/www.sudoestehoje.com.br\/novoportal\/wp-json\/wp\/v2\/media?parent=108532"}],"wp:term":[{"taxonomy":"category","embeddable":true,"href":"https:\/\/www.sudoestehoje.com.br\/novoportal\/wp-json\/wp\/v2\/categories?post=108532"},{"taxonomy":"post_tag","embeddable":true,"href":"https:\/\/www.sudoestehoje.com.br\/novoportal\/wp-json\/wp\/v2\/tags?post=108532"}],"curies":[{"name":"wp","href":"https:\/\/api.w.org\/{rel}","templated":true}]}}