
{"id":108515,"date":"2023-03-22T10:19:24","date_gmt":"2023-03-22T13:19:24","guid":{"rendered":"https:\/\/www.sudoestehoje.com.br\/novoportal\/?p=108515"},"modified":"2023-03-22T10:28:46","modified_gmt":"2023-03-22T13:28:46","slug":"itapetinga-em-manifestacao-professores-pedem-pagamento-do-piso-salarial","status":"publish","type":"post","link":"https:\/\/www.sudoestehoje.com.br\/novoportal\/2023\/03\/22\/itapetinga-em-manifestacao-professores-pedem-pagamento-do-piso-salarial\/","title":{"rendered":"ITAPETINGA: EM MANIFESTA\u00c7\u00c3O, PROFESSORES PEDEM PAGAMENTO DO PISO SALARIAL"},"content":{"rendered":"<p><a href=\"https:\/\/www.sudoestehoje.com.br\/novoportal\/wp-content\/uploads\/2023\/03\/WhatsApp-Image-2023-03-22-at-10.15.21.jpeg\"><img loading=\"lazy\" decoding=\"async\" class=\"aligncenter size-medium wp-image-108517\" src=\"https:\/\/www.sudoestehoje.com.br\/novoportal\/wp-content\/uploads\/2023\/03\/WhatsApp-Image-2023-03-22-at-10.15.21-500x281.jpeg\" alt=\"\" width=\"500\" height=\"281\" srcset=\"https:\/\/www.sudoestehoje.com.br\/novoportal\/wp-content\/uploads\/2023\/03\/WhatsApp-Image-2023-03-22-at-10.15.21-500x281.jpeg 500w, https:\/\/www.sudoestehoje.com.br\/novoportal\/wp-content\/uploads\/2023\/03\/WhatsApp-Image-2023-03-22-at-10.15.21-700x394.jpeg 700w, https:\/\/www.sudoestehoje.com.br\/novoportal\/wp-content\/uploads\/2023\/03\/WhatsApp-Image-2023-03-22-at-10.15.21-768x432.jpeg 768w, https:\/\/www.sudoestehoje.com.br\/novoportal\/wp-content\/uploads\/2023\/03\/WhatsApp-Image-2023-03-22-at-10.15.21-1536x864.jpeg 1536w, https:\/\/www.sudoestehoje.com.br\/novoportal\/wp-content\/uploads\/2023\/03\/WhatsApp-Image-2023-03-22-at-10.15.21.jpeg 1600w\" sizes=\"auto, (max-width: 500px) 100vw, 500px\" \/><\/a><\/p>\n<p><strong>Nesta quarta-feira (22), um grupo de professores municipais e estaduais realizaram uma manifesta\u00e7\u00e3o em defesa do pagamento imediato do piso salarial da classe, institu\u00eddo atrav\u00e9s de Lei Federal, desde 2008.\u00a0<\/strong><\/p>\n<p><strong>Na manifesta\u00e7\u00e3o organizada pela APLB, foi destacado que tanto o estado da Bahia, quanto o munic\u00edpio, n\u00e3o vem cumprindo integralmente a Lei do Piso, em detrimento das justas reivindica\u00e7\u00f5es da classe.<\/strong><\/p>\n<p><strong>O secret\u00e1rio municipal de educa\u00e7\u00e3o, F\u00e1bio Viana, compareceu \u00e1 manifesta\u00e7\u00e3o no Pa\u00e7o Municipal.\u00a0<\/strong><\/p>\n<p><em><strong>Por Davi Ferraz\u00a0<\/strong><\/em><\/p>\n","protected":false},"excerpt":{"rendered":"<p>Nesta quarta-feira (22), um grupo de professores municipais e estaduais realizaram uma manifesta\u00e7\u00e3o em defesa do pagamento imediato do piso salarial da classe, institu\u00eddo atrav\u00e9s de Lei Federal, desde 2008.\u00a0 Na manifesta\u00e7\u00e3o organizada pela APLB, foi destacado que tanto o estado da Bahia, quanto o munic\u00edpio, n\u00e3o vem cumprindo integralmente a Lei do Piso, em [&hellip;]<\/p>\n","protected":false},"author":2,"featured_media":108517,"comment_status":"open","ping_status":"open","sticky":false,"template":"","format":"standard","meta":{"footnotes":"","_links_to":"","_links_to_target":""},"categories":[1],"tags":[],"class_list":["post-108515","post","type-post","status-publish","format-standard","has-post-thumbnail","hentry","category-geral"],"views":680,"_links":{"self":[{"href":"https:\/\/www.sudoestehoje.com.br\/novoportal\/wp-json\/wp\/v2\/posts\/108515","targetHints":{"allow":["GET"]}}],"collection":[{"href":"https:\/\/www.sudoestehoje.com.br\/novoportal\/wp-json\/wp\/v2\/posts"}],"about":[{"href":"https:\/\/www.sudoestehoje.com.br\/novoportal\/wp-json\/wp\/v2\/types\/post"}],"author":[{"embeddable":true,"href":"https:\/\/www.sudoestehoje.com.br\/novoportal\/wp-json\/wp\/v2\/users\/2"}],"replies":[{"embeddable":true,"href":"https:\/\/www.sudoestehoje.com.br\/novoportal\/wp-json\/wp\/v2\/comments?post=108515"}],"version-history":[{"count":4,"href":"https:\/\/www.sudoestehoje.com.br\/novoportal\/wp-json\/wp\/v2\/posts\/108515\/revisions"}],"predecessor-version":[{"id":108520,"href":"https:\/\/www.sudoestehoje.com.br\/novoportal\/wp-json\/wp\/v2\/posts\/108515\/revisions\/108520"}],"wp:featuredmedia":[{"embeddable":true,"href":"https:\/\/www.sudoestehoje.com.br\/novoportal\/wp-json\/wp\/v2\/media\/108517"}],"wp:attachment":[{"href":"https:\/\/www.sudoestehoje.com.br\/novoportal\/wp-json\/wp\/v2\/media?parent=108515"}],"wp:term":[{"taxonomy":"category","embeddable":true,"href":"https:\/\/www.sudoestehoje.com.br\/novoportal\/wp-json\/wp\/v2\/categories?post=108515"},{"taxonomy":"post_tag","embeddable":true,"href":"https:\/\/www.sudoestehoje.com.br\/novoportal\/wp-json\/wp\/v2\/tags?post=108515"}],"curies":[{"name":"wp","href":"https:\/\/api.w.org\/{rel}","templated":true}]}}