
{"id":108482,"date":"2023-03-21T13:06:49","date_gmt":"2023-03-21T16:06:49","guid":{"rendered":"https:\/\/www.sudoestehoje.com.br\/novoportal\/?p=108482"},"modified":"2023-03-21T15:54:33","modified_gmt":"2023-03-21T18:54:33","slug":"as-quentinhas-do-sudoeste-hoje-2","status":"publish","type":"post","link":"https:\/\/www.sudoestehoje.com.br\/novoportal\/2023\/03\/21\/as-quentinhas-do-sudoeste-hoje-2\/","title":{"rendered":"AS QUENTINHAS DO SUDOESTE HOJE"},"content":{"rendered":"<p>&nbsp;<\/p>\n<p><a href=\"https:\/\/www.sudoestehoje.com.br\/novoportal\/wp-content\/uploads\/2023\/03\/b9d37bd0-b4f1-48b5-8fbd-07929400739f.jpg\"><img loading=\"lazy\" decoding=\"async\" class=\"aligncenter size-medium wp-image-108493\" src=\"https:\/\/www.sudoestehoje.com.br\/novoportal\/wp-content\/uploads\/2023\/03\/b9d37bd0-b4f1-48b5-8fbd-07929400739f-500x325.jpg\" alt=\"\" width=\"500\" height=\"325\" srcset=\"https:\/\/www.sudoestehoje.com.br\/novoportal\/wp-content\/uploads\/2023\/03\/b9d37bd0-b4f1-48b5-8fbd-07929400739f-500x325.jpg 500w, https:\/\/www.sudoestehoje.com.br\/novoportal\/wp-content\/uploads\/2023\/03\/b9d37bd0-b4f1-48b5-8fbd-07929400739f.jpg 586w\" sizes=\"auto, (max-width: 500px) 100vw, 500px\" \/><\/a><\/p>\n<p><strong>LAN\u00c7AMENTOS PREMATUROS DE CANDIDATOS<\/strong><\/p>\n<p><strong>A vontade de conquistar o poder, tem levado muita gente a lan\u00e7ar candidaturas a prefeito antes da hora, uma vez que ainda falta um ano e meio para as elei\u00e7\u00e3o. Nomes como o de Cida Moura, vereador Jo\u00e3o de Deus, Amaral Junior e at\u00e9 do &#8216;sombrio&#8217; Romildo Teixeira, podem muito bem ser cogitados, mas nada d\u00e1 a certeza de que ser\u00e3o emplacados. A \u00fanica certeza \u00e9 de que alguns deles n\u00e3o conseguir\u00e3o pular a &#8216;fogueira de S\u00e3o Jo\u00e3o&#8217;, sem sapecar as canelas. Efeito da precipita\u00e7\u00e3o&#8230;<\/strong><\/p>\n<p><strong>CAVALO PARAGUAIO<\/strong><\/p>\n<p><strong>H\u00e1 um bord\u00e3o na pol\u00edtica que retrata bem as corridas eleitorais: a velha hist\u00f3ria do &#8216;Cavalo Paraguaio&#8221;, que dispara na largada, mas cansa no meio do caminho e chega na rabada. Uma candidatura a prefeito, precisa muito mais da base de apoio, muita grana, carisma e express\u00e3o pol\u00edtica, do que da simples vontade do postulante. Fora disso, n\u00e3o h\u00e1 milagre. Passa vergonha&#8230;<\/strong><\/p>\n<p><strong>SAFRA RUIM PARA VEREADOR<\/strong><\/p>\n<p><strong>Ao contr\u00e1rio dos postulantes ao cargo maior do munic\u00edpio, as pr\u00e9-candidaturas a vereador j\u00e1 deveriam estar nas ruas, para popularizar nomes e concorrer com os atuais. Levando em conta a reelei\u00e7\u00e3o da maioria da atual bancada, sobram poucas vagas para os &#8216;chegantes&#8217;. A briga \u00e9 contra o tempo, para conquistar e consolidar bases de apoio. Uma boa economia tamb\u00e9m facilita, porque apoio de cabos eleitorais custa caro, sem falar da trairagem. Quem n\u00e3o tiver de 50 a 80 mil pra gastar na campanha, pode esquecer. A escolha da legenda tamb\u00e9m \u00e9 crucial.<\/strong><\/p>\n<p><strong>TIQUINHO D\u00c1 AS CARTAS NA C\u00c2MARA<\/strong><\/p>\n<p><strong>Mesmo sendo minoria, a oposi\u00e7\u00e3o comandada pelo vereador Tiquinho continua dando as cartas na C\u00e2mara de Vereadores, desde os tempos de Valquir\u00e3o na presid\u00eancia. Por esperteza, negociou apoio ao atual presidente da Casa, o vereador Jo\u00e3o de Deus, bom sujeito, mas sem dom\u00ednio da situa\u00e7\u00e3o. Nesse contexto, jorram di\u00e1rias para viagens desnecess\u00e1rias e outras coisinhas, como por exemplo o aumento dos subs\u00eddio de R$ 8 mil para R$ 10 mil, que alegrou 100% dos vereadores. Foi uma festa. O ilustre chefe da oposi\u00e7\u00e3o tem ainda o poder de vetar a nomea\u00e7\u00e3o de nomes ligados ao prefeito Rodrigo e opinar em contratos. \u00c9 o &#8216;rei do peda\u00e7o&#8217;&#8230;<\/strong><\/p>\n<p><strong><em>Por Davi Ferraz<\/em><\/strong><\/p>\n","protected":false},"excerpt":{"rendered":"<p>&nbsp; LAN\u00c7AMENTOS PREMATUROS DE CANDIDATOS A vontade de conquistar o poder, tem levado muita gente a lan\u00e7ar candidaturas a prefeito antes da hora, uma vez que ainda falta um ano e meio para as elei\u00e7\u00e3o. Nomes como o de Cida Moura, vereador Jo\u00e3o de Deus, Amaral Junior e at\u00e9 do &#8216;sombrio&#8217; Romildo Teixeira, podem muito [&hellip;]<\/p>\n","protected":false},"author":2,"featured_media":108493,"comment_status":"open","ping_status":"open","sticky":false,"template":"","format":"standard","meta":{"footnotes":"","_links_to":"","_links_to_target":""},"categories":[1],"tags":[],"class_list":["post-108482","post","type-post","status-publish","format-standard","has-post-thumbnail","hentry","category-geral"],"views":721,"_links":{"self":[{"href":"https:\/\/www.sudoestehoje.com.br\/novoportal\/wp-json\/wp\/v2\/posts\/108482","targetHints":{"allow":["GET"]}}],"collection":[{"href":"https:\/\/www.sudoestehoje.com.br\/novoportal\/wp-json\/wp\/v2\/posts"}],"about":[{"href":"https:\/\/www.sudoestehoje.com.br\/novoportal\/wp-json\/wp\/v2\/types\/post"}],"author":[{"embeddable":true,"href":"https:\/\/www.sudoestehoje.com.br\/novoportal\/wp-json\/wp\/v2\/users\/2"}],"replies":[{"embeddable":true,"href":"https:\/\/www.sudoestehoje.com.br\/novoportal\/wp-json\/wp\/v2\/comments?post=108482"}],"version-history":[{"count":9,"href":"https:\/\/www.sudoestehoje.com.br\/novoportal\/wp-json\/wp\/v2\/posts\/108482\/revisions"}],"predecessor-version":[{"id":108494,"href":"https:\/\/www.sudoestehoje.com.br\/novoportal\/wp-json\/wp\/v2\/posts\/108482\/revisions\/108494"}],"wp:featuredmedia":[{"embeddable":true,"href":"https:\/\/www.sudoestehoje.com.br\/novoportal\/wp-json\/wp\/v2\/media\/108493"}],"wp:attachment":[{"href":"https:\/\/www.sudoestehoje.com.br\/novoportal\/wp-json\/wp\/v2\/media?parent=108482"}],"wp:term":[{"taxonomy":"category","embeddable":true,"href":"https:\/\/www.sudoestehoje.com.br\/novoportal\/wp-json\/wp\/v2\/categories?post=108482"},{"taxonomy":"post_tag","embeddable":true,"href":"https:\/\/www.sudoestehoje.com.br\/novoportal\/wp-json\/wp\/v2\/tags?post=108482"}],"curies":[{"name":"wp","href":"https:\/\/api.w.org\/{rel}","templated":true}]}}