
{"id":108470,"date":"2023-03-20T11:33:09","date_gmt":"2023-03-20T14:33:09","guid":{"rendered":"https:\/\/www.sudoestehoje.com.br\/novoportal\/?p=108470"},"modified":"2023-03-20T11:33:09","modified_gmt":"2023-03-20T14:33:09","slug":"outono-comeca-hoje-com-calorao-e-chuvas-moderadas-pelo-pais","status":"publish","type":"post","link":"https:\/\/www.sudoestehoje.com.br\/novoportal\/2023\/03\/20\/outono-comeca-hoje-com-calorao-e-chuvas-moderadas-pelo-pais\/","title":{"rendered":"OUTONO COME\u00c7A HOJE COM CALOR\u00c3O E CHUVAS MODERADAS PELO PA\u00cdS"},"content":{"rendered":"<p><a href=\"https:\/\/www.sudoestehoje.com.br\/novoportal\/wp-content\/uploads\/2023\/03\/b76b86fe6i0r9q8o9vyxg37ng.webp\"><img loading=\"lazy\" decoding=\"async\" class=\"aligncenter size-medium wp-image-108473\" src=\"https:\/\/www.sudoestehoje.com.br\/novoportal\/wp-content\/uploads\/2023\/03\/b76b86fe6i0r9q8o9vyxg37ng-500x281.webp\" alt=\"\" width=\"500\" height=\"281\" srcset=\"https:\/\/www.sudoestehoje.com.br\/novoportal\/wp-content\/uploads\/2023\/03\/b76b86fe6i0r9q8o9vyxg37ng-500x281.webp 500w, https:\/\/www.sudoestehoje.com.br\/novoportal\/wp-content\/uploads\/2023\/03\/b76b86fe6i0r9q8o9vyxg37ng-700x393.webp 700w, https:\/\/www.sudoestehoje.com.br\/novoportal\/wp-content\/uploads\/2023\/03\/b76b86fe6i0r9q8o9vyxg37ng-768x431.webp 768w, https:\/\/www.sudoestehoje.com.br\/novoportal\/wp-content\/uploads\/2023\/03\/b76b86fe6i0r9q8o9vyxg37ng.webp 906w\" sizes=\"auto, (max-width: 500px) 100vw, 500px\" \/><\/a><\/p>\n<p><strong>Com o fim do ver\u00e3o, o outono entra em cena no hemisf\u00e9rio sul a partir das 18h25 (hor\u00e1rio de Bras\u00edlia) desta segunda-feira (20).<\/strong><\/p>\n<p><strong>A nova esta\u00e7\u00e3o marca a transi\u00e7\u00e3o entre os climas chuvoso e quente do ver\u00e3o e frio e seco do inverno.<\/strong><\/p>\n<p><strong>No per\u00edodo, as madrugadas devem ficar mais frias, e os dias, mais frescos, mas essa ainda n\u00e3o deve ser a t\u00f4nica deste in\u00edcio de semana, segundo o Inmet (Instituto Nacional de Meteorologia).<\/strong><\/p>\n<p><strong>Dias de calor intenso com chuvas moderadas entre a tarde e a noite s\u00e3o aguardados.<\/strong><\/p>\n","protected":false},"excerpt":{"rendered":"<p>Com o fim do ver\u00e3o, o outono entra em cena no hemisf\u00e9rio sul a partir das 18h25 (hor\u00e1rio de Bras\u00edlia) desta segunda-feira (20). A nova esta\u00e7\u00e3o marca a transi\u00e7\u00e3o entre os climas chuvoso e quente do ver\u00e3o e frio e seco do inverno. No per\u00edodo, as madrugadas devem ficar mais frias, e os dias, mais [&hellip;]<\/p>\n","protected":false},"author":2,"featured_media":108473,"comment_status":"open","ping_status":"open","sticky":false,"template":"","format":"standard","meta":{"footnotes":"","_links_to":"","_links_to_target":""},"categories":[1],"tags":[],"class_list":["post-108470","post","type-post","status-publish","format-standard","has-post-thumbnail","hentry","category-geral"],"views":585,"_links":{"self":[{"href":"https:\/\/www.sudoestehoje.com.br\/novoportal\/wp-json\/wp\/v2\/posts\/108470","targetHints":{"allow":["GET"]}}],"collection":[{"href":"https:\/\/www.sudoestehoje.com.br\/novoportal\/wp-json\/wp\/v2\/posts"}],"about":[{"href":"https:\/\/www.sudoestehoje.com.br\/novoportal\/wp-json\/wp\/v2\/types\/post"}],"author":[{"embeddable":true,"href":"https:\/\/www.sudoestehoje.com.br\/novoportal\/wp-json\/wp\/v2\/users\/2"}],"replies":[{"embeddable":true,"href":"https:\/\/www.sudoestehoje.com.br\/novoportal\/wp-json\/wp\/v2\/comments?post=108470"}],"version-history":[{"count":3,"href":"https:\/\/www.sudoestehoje.com.br\/novoportal\/wp-json\/wp\/v2\/posts\/108470\/revisions"}],"predecessor-version":[{"id":108475,"href":"https:\/\/www.sudoestehoje.com.br\/novoportal\/wp-json\/wp\/v2\/posts\/108470\/revisions\/108475"}],"wp:featuredmedia":[{"embeddable":true,"href":"https:\/\/www.sudoestehoje.com.br\/novoportal\/wp-json\/wp\/v2\/media\/108473"}],"wp:attachment":[{"href":"https:\/\/www.sudoestehoje.com.br\/novoportal\/wp-json\/wp\/v2\/media?parent=108470"}],"wp:term":[{"taxonomy":"category","embeddable":true,"href":"https:\/\/www.sudoestehoje.com.br\/novoportal\/wp-json\/wp\/v2\/categories?post=108470"},{"taxonomy":"post_tag","embeddable":true,"href":"https:\/\/www.sudoestehoje.com.br\/novoportal\/wp-json\/wp\/v2\/tags?post=108470"}],"curies":[{"name":"wp","href":"https:\/\/api.w.org\/{rel}","templated":true}]}}