
{"id":108463,"date":"2023-03-20T11:07:03","date_gmt":"2023-03-20T14:07:03","guid":{"rendered":"https:\/\/www.sudoestehoje.com.br\/novoportal\/?p=108463"},"modified":"2023-03-20T11:07:03","modified_gmt":"2023-03-20T14:07:03","slug":"pesquisa-ipec-57-da-populacao-quer-3a-via-contra-polarizacao-entre-lula-e-bolsonaro","status":"publish","type":"post","link":"https:\/\/www.sudoestehoje.com.br\/novoportal\/2023\/03\/20\/pesquisa-ipec-57-da-populacao-quer-3a-via-contra-polarizacao-entre-lula-e-bolsonaro\/","title":{"rendered":"PESQUISA IPEC | 57% DA POPULA\u00c7\u00c3O QUER 3\u00aa VIA CONTRA POLARIZA\u00c7\u00c3O ENTRE LULA E BOLSONARO"},"content":{"rendered":"<p><a href=\"https:\/\/www.sudoestehoje.com.br\/novoportal\/wp-content\/uploads\/2023\/03\/maxresdefault-1.jpg\"><img loading=\"lazy\" decoding=\"async\" class=\"aligncenter size-medium wp-image-108468\" src=\"https:\/\/www.sudoestehoje.com.br\/novoportal\/wp-content\/uploads\/2023\/03\/maxresdefault-1-500x281.jpg\" alt=\"\" width=\"500\" height=\"281\" srcset=\"https:\/\/www.sudoestehoje.com.br\/novoportal\/wp-content\/uploads\/2023\/03\/maxresdefault-1-500x281.jpg 500w, https:\/\/www.sudoestehoje.com.br\/novoportal\/wp-content\/uploads\/2023\/03\/maxresdefault-1-700x394.jpg 700w, https:\/\/www.sudoestehoje.com.br\/novoportal\/wp-content\/uploads\/2023\/03\/maxresdefault-1-768x432.jpg 768w, https:\/\/www.sudoestehoje.com.br\/novoportal\/wp-content\/uploads\/2023\/03\/maxresdefault-1.jpg 1280w\" sizes=\"auto, (max-width: 500px) 100vw, 500px\" \/><\/a><\/p>\n<p><strong>O instituto de pesquisa\u00a0<a href=\"https:\/\/www.ipec-inteligencia.com.br\/pesquisas\/\" target=\"_blank\" rel=\"noopener\">Ipec<\/a>\u00a0divulgou resultados de levantamento de opini\u00e3o em que questionava se a pessoa gostaria que o Brasil tivesse uma terceira via para evitar a\u00a0<a href=\"https:\/\/www.metropoles.com\/vida-e-estilo\/comportamento\/polarizacao-politica-como-a-eleicao-tem-afetado-os-relacionamentos\" target=\"_blank\" rel=\"noopener\">polariza\u00e7\u00e3o pol\u00edtica no pa\u00eds<\/a>. E 57% dos entrevistados concordam totalmente ou em parte com essa afirma\u00e7\u00e3o.:<\/strong><\/p>\n<p><strong>Segundo a pesquisa feita entre 2 e 6 de mar\u00e7o, 27% disseram que discordam, totalmente ou em parte, que gostariam de uma terceira via para evitar a polariza\u00e7\u00e3o, como a que aconteceu nas \u00faltimas elei\u00e7\u00f5es entre Luiz In\u00e1cio Lula da Silva (PT) e Jair Bolsonaro (PL).<\/strong><\/p>\n<p><strong>Enquanto isso, 5% n\u00e3o discordam ou concordam. Outros 11% n\u00e3o sabem ou n\u00e3o responderam.<\/strong><\/p>\n<p><strong>Chama a aten\u00e7\u00e3o, nos recortes feitos, que o desejo por uma terceira via seja maior entre popula\u00e7\u00e3o de 25 a 34 anos (61%), com curso superior (60%), da Regi\u00e3o Sudeste (61%) e com rendimento entre dois e cinco sal\u00e1rios m\u00ednimos (61%).<\/strong><\/p>\n<p><strong>Entre homens e mulheres, o \u00edndice \u00e9 bem parecido: eles chegam a 56%, e elas, a 57%.<em> Confira dados:<\/em><\/strong><\/p>\n<p><a href=\"https:\/\/www.sudoestehoje.com.br\/novoportal\/wp-content\/uploads\/2023\/03\/Pesquisa-Ipec-1.webp\"><img loading=\"lazy\" decoding=\"async\" class=\"aligncenter  wp-image-108464\" src=\"https:\/\/www.sudoestehoje.com.br\/novoportal\/wp-content\/uploads\/2023\/03\/Pesquisa-Ipec-1-500x233.webp\" alt=\"\" width=\"545\" height=\"254\" srcset=\"https:\/\/www.sudoestehoje.com.br\/novoportal\/wp-content\/uploads\/2023\/03\/Pesquisa-Ipec-1-500x233.webp 500w, https:\/\/www.sudoestehoje.com.br\/novoportal\/wp-content\/uploads\/2023\/03\/Pesquisa-Ipec-1-700x327.webp 700w, https:\/\/www.sudoestehoje.com.br\/novoportal\/wp-content\/uploads\/2023\/03\/Pesquisa-Ipec-1-768x358.webp 768w, https:\/\/www.sudoestehoje.com.br\/novoportal\/wp-content\/uploads\/2023\/03\/Pesquisa-Ipec-1.webp 960w\" sizes=\"auto, (max-width: 545px) 100vw, 545px\" \/><\/a><\/p>\n<p><a href=\"https:\/\/www.sudoestehoje.com.br\/novoportal\/wp-content\/uploads\/2023\/03\/Pesquisa-Ipec-2.webp\"><img loading=\"lazy\" decoding=\"async\" class=\"aligncenter  wp-image-108465\" src=\"https:\/\/www.sudoestehoje.com.br\/novoportal\/wp-content\/uploads\/2023\/03\/Pesquisa-Ipec-2-500x245.webp\" alt=\"\" width=\"545\" height=\"267\" srcset=\"https:\/\/www.sudoestehoje.com.br\/novoportal\/wp-content\/uploads\/2023\/03\/Pesquisa-Ipec-2-500x245.webp 500w, https:\/\/www.sudoestehoje.com.br\/novoportal\/wp-content\/uploads\/2023\/03\/Pesquisa-Ipec-2-700x343.webp 700w, https:\/\/www.sudoestehoje.com.br\/novoportal\/wp-content\/uploads\/2023\/03\/Pesquisa-Ipec-2-768x377.webp 768w, https:\/\/www.sudoestehoje.com.br\/novoportal\/wp-content\/uploads\/2023\/03\/Pesquisa-Ipec-2.webp 960w\" sizes=\"auto, (max-width: 545px) 100vw, 545px\" \/><\/a><\/p>\n<p>&nbsp;<\/p>\n","protected":false},"excerpt":{"rendered":"<p>O instituto de pesquisa\u00a0Ipec\u00a0divulgou resultados de levantamento de opini\u00e3o em que questionava se a pessoa gostaria que o Brasil tivesse uma terceira via para evitar a\u00a0polariza\u00e7\u00e3o pol\u00edtica no pa\u00eds. E 57% dos entrevistados concordam totalmente ou em parte com essa afirma\u00e7\u00e3o.: Segundo a pesquisa feita entre 2 e 6 de mar\u00e7o, 27% disseram que discordam, [&hellip;]<\/p>\n","protected":false},"author":2,"featured_media":108468,"comment_status":"open","ping_status":"open","sticky":false,"template":"","format":"standard","meta":{"footnotes":"","_links_to":"","_links_to_target":""},"categories":[1],"tags":[],"class_list":["post-108463","post","type-post","status-publish","format-standard","has-post-thumbnail","hentry","category-geral"],"views":651,"_links":{"self":[{"href":"https:\/\/www.sudoestehoje.com.br\/novoportal\/wp-json\/wp\/v2\/posts\/108463","targetHints":{"allow":["GET"]}}],"collection":[{"href":"https:\/\/www.sudoestehoje.com.br\/novoportal\/wp-json\/wp\/v2\/posts"}],"about":[{"href":"https:\/\/www.sudoestehoje.com.br\/novoportal\/wp-json\/wp\/v2\/types\/post"}],"author":[{"embeddable":true,"href":"https:\/\/www.sudoestehoje.com.br\/novoportal\/wp-json\/wp\/v2\/users\/2"}],"replies":[{"embeddable":true,"href":"https:\/\/www.sudoestehoje.com.br\/novoportal\/wp-json\/wp\/v2\/comments?post=108463"}],"version-history":[{"count":3,"href":"https:\/\/www.sudoestehoje.com.br\/novoportal\/wp-json\/wp\/v2\/posts\/108463\/revisions"}],"predecessor-version":[{"id":108469,"href":"https:\/\/www.sudoestehoje.com.br\/novoportal\/wp-json\/wp\/v2\/posts\/108463\/revisions\/108469"}],"wp:featuredmedia":[{"embeddable":true,"href":"https:\/\/www.sudoestehoje.com.br\/novoportal\/wp-json\/wp\/v2\/media\/108468"}],"wp:attachment":[{"href":"https:\/\/www.sudoestehoje.com.br\/novoportal\/wp-json\/wp\/v2\/media?parent=108463"}],"wp:term":[{"taxonomy":"category","embeddable":true,"href":"https:\/\/www.sudoestehoje.com.br\/novoportal\/wp-json\/wp\/v2\/categories?post=108463"},{"taxonomy":"post_tag","embeddable":true,"href":"https:\/\/www.sudoestehoje.com.br\/novoportal\/wp-json\/wp\/v2\/tags?post=108463"}],"curies":[{"name":"wp","href":"https:\/\/api.w.org\/{rel}","templated":true}]}}