
{"id":108459,"date":"2023-03-20T09:01:14","date_gmt":"2023-03-20T12:01:14","guid":{"rendered":"https:\/\/www.sudoestehoje.com.br\/novoportal\/?p=108459"},"modified":"2023-03-20T09:01:14","modified_gmt":"2023-03-20T12:01:14","slug":"sem-o-aumento-prometido-salario-minimo-de-r-1-302-continua-em-vigor","status":"publish","type":"post","link":"https:\/\/www.sudoestehoje.com.br\/novoportal\/2023\/03\/20\/sem-o-aumento-prometido-salario-minimo-de-r-1-302-continua-em-vigor\/","title":{"rendered":"SEM O AUMENTO PROMETIDO, SAL\u00c1RIO M\u00cdNIMO DE R$ 1.302 CONTINUA EM VIGOR"},"content":{"rendered":"<p><a href=\"https:\/\/www.sudoestehoje.com.br\/novoportal\/wp-content\/uploads\/2023\/03\/Confirmar-Salario-minimo-sera-de-R-1.302-a-partir-de-2023.jpg\"><img loading=\"lazy\" decoding=\"async\" class=\"aligncenter size-full wp-image-108460\" src=\"https:\/\/www.sudoestehoje.com.br\/novoportal\/wp-content\/uploads\/2023\/03\/Confirmar-Salario-minimo-sera-de-R-1.302-a-partir-de-2023.jpg\" alt=\"\" width=\"464\" height=\"278\" \/><\/a><\/p>\n<p><strong>A Medida Provis\u00f3ria 1.143\/2022, que elevou o sal\u00e1rio m\u00ednimo para R$ 1.302, foi prorrogada por mais 60 dias. A prorroga\u00e7\u00e3o foi autorizada pelo presidente do Senado, Rodrigo Pacheco.<\/strong><\/p>\n<p><strong>Desta forma, o Congresso ter\u00e1 mais 60 dias para analisar a medida provis\u00f3ria, quando poder\u00e1 aprovar, rejeitar ou modificar o texto. A medida foi editada em meados de dezembro do ano passado e est\u00e1 em vigor desde janeiro deste ano.<\/strong><\/p>\n<p><strong>O presidente Luiz In\u00e1cio Lula da Silva j\u00e1 anunciou que ir\u00e1 reajustar o sal\u00e1rio m\u00ednimo para R$ 1.320 em maio.<\/strong><\/p>\n<p><strong>O valor atual de R$ 1.302 considera a varia\u00e7\u00e3o da infla\u00e7\u00e3o medida pelo \u00cdndice Nacional de Pre\u00e7os ao Consumidor (INPC), acrescido de ganho real de aproximadamente 1,4%. Entretanto, o valor aprovado pelo Congresso Nacional no Or\u00e7amento Geral da Uni\u00e3o de 2023 \u00e9 de R$ 1.320, mas, para entrar em vigor, depende de uma nova medida provis\u00f3ria do Executivo.<\/strong><\/p>\n","protected":false},"excerpt":{"rendered":"<p>A Medida Provis\u00f3ria 1.143\/2022, que elevou o sal\u00e1rio m\u00ednimo para R$ 1.302, foi prorrogada por mais 60 dias. A prorroga\u00e7\u00e3o foi autorizada pelo presidente do Senado, Rodrigo Pacheco. Desta forma, o Congresso ter\u00e1 mais 60 dias para analisar a medida provis\u00f3ria, quando poder\u00e1 aprovar, rejeitar ou modificar o texto. A medida foi editada em meados [&hellip;]<\/p>\n","protected":false},"author":2,"featured_media":108460,"comment_status":"open","ping_status":"open","sticky":false,"template":"","format":"standard","meta":{"footnotes":"","_links_to":"","_links_to_target":""},"categories":[1],"tags":[],"class_list":["post-108459","post","type-post","status-publish","format-standard","has-post-thumbnail","hentry","category-geral"],"views":746,"_links":{"self":[{"href":"https:\/\/www.sudoestehoje.com.br\/novoportal\/wp-json\/wp\/v2\/posts\/108459","targetHints":{"allow":["GET"]}}],"collection":[{"href":"https:\/\/www.sudoestehoje.com.br\/novoportal\/wp-json\/wp\/v2\/posts"}],"about":[{"href":"https:\/\/www.sudoestehoje.com.br\/novoportal\/wp-json\/wp\/v2\/types\/post"}],"author":[{"embeddable":true,"href":"https:\/\/www.sudoestehoje.com.br\/novoportal\/wp-json\/wp\/v2\/users\/2"}],"replies":[{"embeddable":true,"href":"https:\/\/www.sudoestehoje.com.br\/novoportal\/wp-json\/wp\/v2\/comments?post=108459"}],"version-history":[{"count":2,"href":"https:\/\/www.sudoestehoje.com.br\/novoportal\/wp-json\/wp\/v2\/posts\/108459\/revisions"}],"predecessor-version":[{"id":108462,"href":"https:\/\/www.sudoestehoje.com.br\/novoportal\/wp-json\/wp\/v2\/posts\/108459\/revisions\/108462"}],"wp:featuredmedia":[{"embeddable":true,"href":"https:\/\/www.sudoestehoje.com.br\/novoportal\/wp-json\/wp\/v2\/media\/108460"}],"wp:attachment":[{"href":"https:\/\/www.sudoestehoje.com.br\/novoportal\/wp-json\/wp\/v2\/media?parent=108459"}],"wp:term":[{"taxonomy":"category","embeddable":true,"href":"https:\/\/www.sudoestehoje.com.br\/novoportal\/wp-json\/wp\/v2\/categories?post=108459"},{"taxonomy":"post_tag","embeddable":true,"href":"https:\/\/www.sudoestehoje.com.br\/novoportal\/wp-json\/wp\/v2\/tags?post=108459"}],"curies":[{"name":"wp","href":"https:\/\/api.w.org\/{rel}","templated":true}]}}