
{"id":108415,"date":"2023-03-15T21:53:09","date_gmt":"2023-03-16T00:53:09","guid":{"rendered":"https:\/\/www.sudoestehoje.com.br\/novoportal\/?p=108415"},"modified":"2023-03-15T21:53:09","modified_gmt":"2023-03-16T00:53:09","slug":"acidente-seguido-de-incendio-entre-carretas-provoca-morte-e-trava-a-br-116","status":"publish","type":"post","link":"https:\/\/www.sudoestehoje.com.br\/novoportal\/2023\/03\/15\/acidente-seguido-de-incendio-entre-carretas-provoca-morte-e-trava-a-br-116\/","title":{"rendered":"ACIDENTE SEGUIDO DE INC\u00caNDIO ENTRE CARRETAS PROVOCA MORTE E TRAVA A BR-116"},"content":{"rendered":"<p><a href=\"https:\/\/www.sudoestehoje.com.br\/novoportal\/wp-content\/uploads\/2023\/03\/3-1.png\"><img loading=\"lazy\" decoding=\"async\" class=\"aligncenter size-medium wp-image-108416\" src=\"https:\/\/www.sudoestehoje.com.br\/novoportal\/wp-content\/uploads\/2023\/03\/3-1-500x332.png\" alt=\"\" width=\"500\" height=\"332\" srcset=\"https:\/\/www.sudoestehoje.com.br\/novoportal\/wp-content\/uploads\/2023\/03\/3-1-500x332.png 500w, https:\/\/www.sudoestehoje.com.br\/novoportal\/wp-content\/uploads\/2023\/03\/3-1.png 700w\" sizes=\"auto, (max-width: 500px) 100vw, 500px\" \/><\/a><\/p>\n<p>A Rodovia Santos Dumont BR-116 ficou interditada no trecho que compreende o Munic\u00edpio de Irajuba, no Vale do Jiquiri\u00e7\u00e1, ap\u00f3s um acidente seguido de inc\u00eandio envolvendo carretas, uma delas cegonha.<\/p>\n<p>De acordo com informa\u00e7\u00f5es preliminares levantadas pelo Blog do Marcos Frahm, uma pessoa, ainda sem identifica\u00e7\u00e3o, morreu carbonizada no desastre. Os ve\u00edculos envolvidos ficaram destreu\u00eddos.<\/p>\n<p>Equipes da Pol\u00edcia Rodovi\u00e1ria Federal, da Via Bahia, do Corpo de Bombeiros e da Pol\u00edcia T\u00e9cnica de Jequi\u00e9 foram encaminhadas ao local para os servi\u00e7os periciais e libera\u00e7\u00e3o do tr\u00e1fego na estrada, que permanece bloqueada. Um longo congestionamento foi formado na regi\u00e3o.<\/p>\n","protected":false},"excerpt":{"rendered":"<p>A Rodovia Santos Dumont BR-116 ficou interditada no trecho que compreende o Munic\u00edpio de Irajuba, no Vale do Jiquiri\u00e7\u00e1, ap\u00f3s um acidente seguido de inc\u00eandio envolvendo carretas, uma delas cegonha. De acordo com informa\u00e7\u00f5es preliminares levantadas pelo Blog do Marcos Frahm, uma pessoa, ainda sem identifica\u00e7\u00e3o, morreu carbonizada no desastre. Os ve\u00edculos envolvidos ficaram destreu\u00eddos. [&hellip;]<\/p>\n","protected":false},"author":2,"featured_media":108416,"comment_status":"open","ping_status":"open","sticky":false,"template":"","format":"standard","meta":{"footnotes":"","_links_to":"","_links_to_target":""},"categories":[1],"tags":[],"class_list":["post-108415","post","type-post","status-publish","format-standard","has-post-thumbnail","hentry","category-geral"],"views":868,"_links":{"self":[{"href":"https:\/\/www.sudoestehoje.com.br\/novoportal\/wp-json\/wp\/v2\/posts\/108415","targetHints":{"allow":["GET"]}}],"collection":[{"href":"https:\/\/www.sudoestehoje.com.br\/novoportal\/wp-json\/wp\/v2\/posts"}],"about":[{"href":"https:\/\/www.sudoestehoje.com.br\/novoportal\/wp-json\/wp\/v2\/types\/post"}],"author":[{"embeddable":true,"href":"https:\/\/www.sudoestehoje.com.br\/novoportal\/wp-json\/wp\/v2\/users\/2"}],"replies":[{"embeddable":true,"href":"https:\/\/www.sudoestehoje.com.br\/novoportal\/wp-json\/wp\/v2\/comments?post=108415"}],"version-history":[{"count":1,"href":"https:\/\/www.sudoestehoje.com.br\/novoportal\/wp-json\/wp\/v2\/posts\/108415\/revisions"}],"predecessor-version":[{"id":108417,"href":"https:\/\/www.sudoestehoje.com.br\/novoportal\/wp-json\/wp\/v2\/posts\/108415\/revisions\/108417"}],"wp:featuredmedia":[{"embeddable":true,"href":"https:\/\/www.sudoestehoje.com.br\/novoportal\/wp-json\/wp\/v2\/media\/108416"}],"wp:attachment":[{"href":"https:\/\/www.sudoestehoje.com.br\/novoportal\/wp-json\/wp\/v2\/media?parent=108415"}],"wp:term":[{"taxonomy":"category","embeddable":true,"href":"https:\/\/www.sudoestehoje.com.br\/novoportal\/wp-json\/wp\/v2\/categories?post=108415"},{"taxonomy":"post_tag","embeddable":true,"href":"https:\/\/www.sudoestehoje.com.br\/novoportal\/wp-json\/wp\/v2\/tags?post=108415"}],"curies":[{"name":"wp","href":"https:\/\/api.w.org\/{rel}","templated":true}]}}