
{"id":108412,"date":"2023-03-15T21:34:53","date_gmt":"2023-03-16T00:34:53","guid":{"rendered":"https:\/\/www.sudoestehoje.com.br\/novoportal\/?p=108412"},"modified":"2023-03-15T21:34:53","modified_gmt":"2023-03-16T00:34:53","slug":"reporter-e-apresentador-da-rede-bahia-danilo-ribeiro-sofre-acidente-na-ba-052","status":"publish","type":"post","link":"https:\/\/www.sudoestehoje.com.br\/novoportal\/2023\/03\/15\/reporter-e-apresentador-da-rede-bahia-danilo-ribeiro-sofre-acidente-na-ba-052\/","title":{"rendered":"REPORTER E APRESENTADOR DA REDE BAHIA, DANILO RIBEIRO, SOFRE ACIDENTE NA BA-052"},"content":{"rendered":"<p><a href=\"https:\/\/www.sudoestehoje.com.br\/novoportal\/wp-content\/uploads\/2023\/03\/image114.png\"><img loading=\"lazy\" decoding=\"async\" class=\"aligncenter  wp-image-108413\" src=\"https:\/\/www.sudoestehoje.com.br\/novoportal\/wp-content\/uploads\/2023\/03\/image114.png\" alt=\"\" width=\"501\" height=\"376\" \/><\/a><\/p>\n<p>O rep\u00f3rter e apresentador da TV Bahia, Danilo Ribeiro, sofreu um acidente automobil\u00edstico na BA-052, pr\u00f3ximo ao Distrito de Porto Feliz, munic\u00edpio de Piritiba-BA, na manh\u00e3 desta ter\u00e7a-feira, dia 14 de mar\u00e7o.<\/p>\n<p>Danilo Ribeiro contou que seguia na via quando um cachorro entrou na frente do ve\u00edculo em que ele dirigia e sua rea\u00e7\u00e3o no momento foi desviar. Como a estrada estava molhada por conta da neblina que caia na regi\u00e3o, o carro patinou, rodou na pista, bateu num barranco e tomou.<\/p>\n<p>Alem de Danilo estavam no ve\u00edculo, a esposa, a filha, a m\u00e3e e uma prima dele. Ningu\u00e9m ficou ferido no acidente. Uma ambul\u00e2ncia de Lu\u00eds Eduardo Magalh\u00e3es que vinha logo atr\u00e1s pararam e ajudaram a fam\u00edlia.<\/p>\n<p>Natural de Morro do Chap\u00e9u-BA, o apresentador do Globo Esporte contou que um guincho levou o carro e seus familiares os conduziram at\u00e9 Salvador.<\/p>\n<p>Danilo tamb\u00e9m j\u00e1 trabalhou em Juazeiro na TV S\u00e3o Francisco e na equipe de esportes da R\u00e1dio Juazeiro.<\/p>\n<p>Em um v\u00eddeo divulgado nas redes sociais Danilo esclareceu toda a situa\u00e7\u00e3o e refor\u00e7ou as medidas de seguran\u00e7a no tr\u00e2nsito, principalmente andar na velocidade adequada da via, aten\u00e7\u00e3o redobrada e usar o sinto de seguran\u00e7a.<\/p>\n<p><iframe loading=\"lazy\" title=\"Danilo Ribeiro sofre acidente pr\u00f3ximo a Porto Feliz ao retornar de Morro do Chap\u00e9u para Salvador.\" width=\"500\" height=\"281\" src=\"https:\/\/www.youtube.com\/embed\/_9KwOaX3xoo?start=5&#038;feature=oembed\" frameborder=\"0\" allow=\"accelerometer; autoplay; clipboard-write; encrypted-media; gyroscope; picture-in-picture; web-share\" referrerpolicy=\"strict-origin-when-cross-origin\" allowfullscreen><\/iframe><\/p>\n","protected":false},"excerpt":{"rendered":"<p>O rep\u00f3rter e apresentador da TV Bahia, Danilo Ribeiro, sofreu um acidente automobil\u00edstico na BA-052, pr\u00f3ximo ao Distrito de Porto Feliz, munic\u00edpio de Piritiba-BA, na manh\u00e3 desta ter\u00e7a-feira, dia 14 de mar\u00e7o. Danilo Ribeiro contou que seguia na via quando um cachorro entrou na frente do ve\u00edculo em que ele dirigia e sua rea\u00e7\u00e3o no [&hellip;]<\/p>\n","protected":false},"author":2,"featured_media":108413,"comment_status":"open","ping_status":"open","sticky":false,"template":"","format":"standard","meta":{"footnotes":"","_links_to":"","_links_to_target":""},"categories":[1],"tags":[],"class_list":["post-108412","post","type-post","status-publish","format-standard","has-post-thumbnail","hentry","category-geral"],"views":888,"_links":{"self":[{"href":"https:\/\/www.sudoestehoje.com.br\/novoportal\/wp-json\/wp\/v2\/posts\/108412","targetHints":{"allow":["GET"]}}],"collection":[{"href":"https:\/\/www.sudoestehoje.com.br\/novoportal\/wp-json\/wp\/v2\/posts"}],"about":[{"href":"https:\/\/www.sudoestehoje.com.br\/novoportal\/wp-json\/wp\/v2\/types\/post"}],"author":[{"embeddable":true,"href":"https:\/\/www.sudoestehoje.com.br\/novoportal\/wp-json\/wp\/v2\/users\/2"}],"replies":[{"embeddable":true,"href":"https:\/\/www.sudoestehoje.com.br\/novoportal\/wp-json\/wp\/v2\/comments?post=108412"}],"version-history":[{"count":1,"href":"https:\/\/www.sudoestehoje.com.br\/novoportal\/wp-json\/wp\/v2\/posts\/108412\/revisions"}],"predecessor-version":[{"id":108414,"href":"https:\/\/www.sudoestehoje.com.br\/novoportal\/wp-json\/wp\/v2\/posts\/108412\/revisions\/108414"}],"wp:featuredmedia":[{"embeddable":true,"href":"https:\/\/www.sudoestehoje.com.br\/novoportal\/wp-json\/wp\/v2\/media\/108413"}],"wp:attachment":[{"href":"https:\/\/www.sudoestehoje.com.br\/novoportal\/wp-json\/wp\/v2\/media?parent=108412"}],"wp:term":[{"taxonomy":"category","embeddable":true,"href":"https:\/\/www.sudoestehoje.com.br\/novoportal\/wp-json\/wp\/v2\/categories?post=108412"},{"taxonomy":"post_tag","embeddable":true,"href":"https:\/\/www.sudoestehoje.com.br\/novoportal\/wp-json\/wp\/v2\/tags?post=108412"}],"curies":[{"name":"wp","href":"https:\/\/api.w.org\/{rel}","templated":true}]}}