
{"id":108402,"date":"2023-03-15T08:51:04","date_gmt":"2023-03-15T11:51:04","guid":{"rendered":"https:\/\/www.sudoestehoje.com.br\/novoportal\/?p=108402"},"modified":"2023-03-15T08:51:04","modified_gmt":"2023-03-15T11:51:04","slug":"as-quentinhas-do-blog-quantos-vereadores-serao-reeleitos","status":"publish","type":"post","link":"https:\/\/www.sudoestehoje.com.br\/novoportal\/2023\/03\/15\/as-quentinhas-do-blog-quantos-vereadores-serao-reeleitos\/","title":{"rendered":"AS QUENTINHAS DO BLOG | QUANTOS VEREADORES SER\u00c3O REELEITOS?"},"content":{"rendered":"<p><a href=\"https:\/\/www.sudoestehoje.com.br\/novoportal\/wp-content\/uploads\/2023\/03\/EU-TO-LIGADO.jpg\"><img loading=\"lazy\" decoding=\"async\" class=\"aligncenter  wp-image-108245\" src=\"https:\/\/www.sudoestehoje.com.br\/novoportal\/wp-content\/uploads\/2023\/03\/EU-TO-LIGADO.jpg\" alt=\"\" width=\"501\" height=\"321\" \/><\/a><\/p>\n<p><strong>Toda vez que uma elei\u00e7\u00e3o municipal se aproxima, o eleitorado questiona quantos vereadores v\u00e3o se reeleger e quais deles v\u00e3o direto &#8220;pra boca do sapo&#8221;, uns pelo desgaste natural que o cargo imp\u00f5e, outros por absoluta incompet\u00eancia e despreparo da fun\u00e7\u00e3o que o eleitorado lhes confiou. S\u00e3o os famosos vereadores de &#8216;um mandato s\u00f3&#8217;.<\/strong><\/p>\n<p><strong>NADA DE NOVO NO FRONT<\/strong><\/p>\n<p><strong>Pelo que se v\u00ea at\u00e9 o momento, a tend\u00eancia \u00e9 a reelei\u00e7\u00e3o da maioria dos atuais vereadores, dada a falta de concorr\u00eancia de peso, tanto na oposi\u00e7\u00e3o, quanto na situa\u00e7\u00e3o. Pretendentes tem muitos, mas a maioria n\u00e3o possui condi\u00e7\u00f5es m\u00ednimas de elei\u00e7\u00e3o, seja por falta de articula\u00e7\u00e3o pol\u00edtica, servi\u00e7os prestados, dinheiro, facilidades em \u00f3rg\u00e3os estatais ou apoio pol\u00edtico.<\/strong><\/p>\n<p><strong>CANDIDATOS MAIZENA<\/strong><\/p>\n<p><strong>Tirando as figurinha repetidas que nunca foram a lugar nenhum, restam os chamados &#8220;candidatos Maizena&#8221;, que s\u00f3 entram na panela para &#8220;engrossar o caldo&#8221; partid\u00e1rio, facilitando a elei\u00e7\u00e3o ou reelei\u00e7\u00e3o dos mais espertos. Outros entram na disputa, para levar &#8216;algum&#8217; ou marcar territ\u00f3rio para deputados e seus partidos, com vista \u00e0s elei\u00e7\u00f5es estaduais.<\/strong><\/p>\n<p><strong>SAFRA RUIM<\/strong><\/p>\n<p><strong>Com rar\u00edssimas exce\u00e7\u00f5es, n\u00e3o veja at\u00e9 agora muitos nomes expressivos para concorrer com sucesso a uma vaga na c\u00e2mara de vereadores, infelizmente, pois j\u00e1 chega de tanto &#8220;caf\u00e9 requentado&#8221;. Quem aguenta?<\/strong><\/p>\n<p><strong>Por Davi Ferraz\u00a0<\/strong><\/p>\n","protected":false},"excerpt":{"rendered":"<p>Toda vez que uma elei\u00e7\u00e3o municipal se aproxima, o eleitorado questiona quantos vereadores v\u00e3o se reeleger e quais deles v\u00e3o direto &#8220;pra boca do sapo&#8221;, uns pelo desgaste natural que o cargo imp\u00f5e, outros por absoluta incompet\u00eancia e despreparo da fun\u00e7\u00e3o que o eleitorado lhes confiou. S\u00e3o os famosos vereadores de &#8216;um mandato s\u00f3&#8217;. NADA [&hellip;]<\/p>\n","protected":false},"author":2,"featured_media":108245,"comment_status":"open","ping_status":"open","sticky":false,"template":"","format":"standard","meta":{"footnotes":"","_links_to":"","_links_to_target":""},"categories":[1],"tags":[],"class_list":["post-108402","post","type-post","status-publish","format-standard","has-post-thumbnail","hentry","category-geral"],"views":955,"_links":{"self":[{"href":"https:\/\/www.sudoestehoje.com.br\/novoportal\/wp-json\/wp\/v2\/posts\/108402","targetHints":{"allow":["GET"]}}],"collection":[{"href":"https:\/\/www.sudoestehoje.com.br\/novoportal\/wp-json\/wp\/v2\/posts"}],"about":[{"href":"https:\/\/www.sudoestehoje.com.br\/novoportal\/wp-json\/wp\/v2\/types\/post"}],"author":[{"embeddable":true,"href":"https:\/\/www.sudoestehoje.com.br\/novoportal\/wp-json\/wp\/v2\/users\/2"}],"replies":[{"embeddable":true,"href":"https:\/\/www.sudoestehoje.com.br\/novoportal\/wp-json\/wp\/v2\/comments?post=108402"}],"version-history":[{"count":3,"href":"https:\/\/www.sudoestehoje.com.br\/novoportal\/wp-json\/wp\/v2\/posts\/108402\/revisions"}],"predecessor-version":[{"id":108405,"href":"https:\/\/www.sudoestehoje.com.br\/novoportal\/wp-json\/wp\/v2\/posts\/108402\/revisions\/108405"}],"wp:featuredmedia":[{"embeddable":true,"href":"https:\/\/www.sudoestehoje.com.br\/novoportal\/wp-json\/wp\/v2\/media\/108245"}],"wp:attachment":[{"href":"https:\/\/www.sudoestehoje.com.br\/novoportal\/wp-json\/wp\/v2\/media?parent=108402"}],"wp:term":[{"taxonomy":"category","embeddable":true,"href":"https:\/\/www.sudoestehoje.com.br\/novoportal\/wp-json\/wp\/v2\/categories?post=108402"},{"taxonomy":"post_tag","embeddable":true,"href":"https:\/\/www.sudoestehoje.com.br\/novoportal\/wp-json\/wp\/v2\/tags?post=108402"}],"curies":[{"name":"wp","href":"https:\/\/api.w.org\/{rel}","templated":true}]}}