
{"id":108379,"date":"2023-03-14T09:20:28","date_gmt":"2023-03-14T12:20:28","guid":{"rendered":"https:\/\/www.sudoestehoje.com.br\/novoportal\/?p=108379"},"modified":"2023-03-14T09:20:28","modified_gmt":"2023-03-14T12:20:28","slug":"itapetinga-revitalizacao-do-parque-da-lagoa-entra-em-nova-fase","status":"publish","type":"post","link":"https:\/\/www.sudoestehoje.com.br\/novoportal\/2023\/03\/14\/itapetinga-revitalizacao-do-parque-da-lagoa-entra-em-nova-fase\/","title":{"rendered":"ITAPETINGA | REVITALIZA\u00c7\u00c3O DO PARQUE DA LAGOA ENTRA EM NOVA FASE"},"content":{"rendered":"<p><a href=\"https:\/\/www.sudoestehoje.com.br\/novoportal\/wp-content\/uploads\/2023\/03\/WhatsApp-Image-2023-03-14-at-09.15.52.jpeg\"><img loading=\"lazy\" decoding=\"async\" class=\"aligncenter size-medium wp-image-108380\" src=\"https:\/\/www.sudoestehoje.com.br\/novoportal\/wp-content\/uploads\/2023\/03\/WhatsApp-Image-2023-03-14-at-09.15.52-500x282.jpeg\" alt=\"\" width=\"500\" height=\"282\" srcset=\"https:\/\/www.sudoestehoje.com.br\/novoportal\/wp-content\/uploads\/2023\/03\/WhatsApp-Image-2023-03-14-at-09.15.52-500x282.jpeg 500w, https:\/\/www.sudoestehoje.com.br\/novoportal\/wp-content\/uploads\/2023\/03\/WhatsApp-Image-2023-03-14-at-09.15.52-700x394.jpeg 700w, https:\/\/www.sudoestehoje.com.br\/novoportal\/wp-content\/uploads\/2023\/03\/WhatsApp-Image-2023-03-14-at-09.15.52-768x432.jpeg 768w, https:\/\/www.sudoestehoje.com.br\/novoportal\/wp-content\/uploads\/2023\/03\/WhatsApp-Image-2023-03-14-at-09.15.52-1536x865.jpeg 1536w, https:\/\/www.sudoestehoje.com.br\/novoportal\/wp-content\/uploads\/2023\/03\/WhatsApp-Image-2023-03-14-at-09.15.52.jpeg 1600w\" sizes=\"auto, (max-width: 500px) 100vw, 500px\" \/><\/a><\/p>\n<p><strong>Conclu\u00edda a pavimenta\u00e7\u00e3o da pista externa do Parque da Lagoa, a Secretaria de Infraestrutura j\u00e1 avan\u00e7a na recupera\u00e7\u00e3o da pista interna, que tamb\u00e9m circunda todo o parque.<\/strong><\/p>\n<p><strong>Nesta segunda-feira (13) o Sudoeste Hoje foi conferir o andamento das obras e registrou o avan\u00e7o da reconstru\u00e7\u00e3o da cal\u00e7ada interna, que passa pr\u00f3xima ao olho d&#8217;\u00e1gua.<\/strong><\/p>\n<p><strong>Al\u00e9m da reconstru\u00e7\u00e3o das pistas de caminhada e ciclismo, os antigos bares tamb\u00e9m ser\u00e3o revitalizados e licitados para explora\u00e7\u00e3o comercial por terceiros.\u00a0<\/strong><\/p>\n<p><strong>Numa segunda fase, novos espa\u00e7os de lazer ser\u00e3o criados, de acordo com informa\u00e7\u00f5es da secretaria.<\/strong><\/p>\n<p><em><strong>Por Davi Ferraz\u00a0<\/strong><\/em><\/p>\n","protected":false},"excerpt":{"rendered":"<p>Conclu\u00edda a pavimenta\u00e7\u00e3o da pista externa do Parque da Lagoa, a Secretaria de Infraestrutura j\u00e1 avan\u00e7a na recupera\u00e7\u00e3o da pista interna, que tamb\u00e9m circunda todo o parque. Nesta segunda-feira (13) o Sudoeste Hoje foi conferir o andamento das obras e registrou o avan\u00e7o da reconstru\u00e7\u00e3o da cal\u00e7ada interna, que passa pr\u00f3xima ao olho d&#8217;\u00e1gua. Al\u00e9m [&hellip;]<\/p>\n","protected":false},"author":2,"featured_media":108380,"comment_status":"open","ping_status":"open","sticky":false,"template":"","format":"standard","meta":{"footnotes":"","_links_to":"","_links_to_target":""},"categories":[1],"tags":[],"class_list":["post-108379","post","type-post","status-publish","format-standard","has-post-thumbnail","hentry","category-geral"],"views":782,"_links":{"self":[{"href":"https:\/\/www.sudoestehoje.com.br\/novoportal\/wp-json\/wp\/v2\/posts\/108379","targetHints":{"allow":["GET"]}}],"collection":[{"href":"https:\/\/www.sudoestehoje.com.br\/novoportal\/wp-json\/wp\/v2\/posts"}],"about":[{"href":"https:\/\/www.sudoestehoje.com.br\/novoportal\/wp-json\/wp\/v2\/types\/post"}],"author":[{"embeddable":true,"href":"https:\/\/www.sudoestehoje.com.br\/novoportal\/wp-json\/wp\/v2\/users\/2"}],"replies":[{"embeddable":true,"href":"https:\/\/www.sudoestehoje.com.br\/novoportal\/wp-json\/wp\/v2\/comments?post=108379"}],"version-history":[{"count":2,"href":"https:\/\/www.sudoestehoje.com.br\/novoportal\/wp-json\/wp\/v2\/posts\/108379\/revisions"}],"predecessor-version":[{"id":108382,"href":"https:\/\/www.sudoestehoje.com.br\/novoportal\/wp-json\/wp\/v2\/posts\/108379\/revisions\/108382"}],"wp:featuredmedia":[{"embeddable":true,"href":"https:\/\/www.sudoestehoje.com.br\/novoportal\/wp-json\/wp\/v2\/media\/108380"}],"wp:attachment":[{"href":"https:\/\/www.sudoestehoje.com.br\/novoportal\/wp-json\/wp\/v2\/media?parent=108379"}],"wp:term":[{"taxonomy":"category","embeddable":true,"href":"https:\/\/www.sudoestehoje.com.br\/novoportal\/wp-json\/wp\/v2\/categories?post=108379"},{"taxonomy":"post_tag","embeddable":true,"href":"https:\/\/www.sudoestehoje.com.br\/novoportal\/wp-json\/wp\/v2\/tags?post=108379"}],"curies":[{"name":"wp","href":"https:\/\/api.w.org\/{rel}","templated":true}]}}