
{"id":108351,"date":"2023-03-12T20:52:50","date_gmt":"2023-03-12T23:52:50","guid":{"rendered":"https:\/\/www.sudoestehoje.com.br\/novoportal\/?p=108351"},"modified":"2023-03-12T20:52:50","modified_gmt":"2023-03-12T23:52:50","slug":"adolescente-desaparece-apos-se-afogar-na-praia-da-avenida-em-ilheus","status":"publish","type":"post","link":"https:\/\/www.sudoestehoje.com.br\/novoportal\/2023\/03\/12\/adolescente-desaparece-apos-se-afogar-na-praia-da-avenida-em-ilheus\/","title":{"rendered":"ADOLESCENTE DESAPARECE AP\u00d3S SE AFOGAR NA PRAIA DA AVENIDA EM ILH\u00c9US"},"content":{"rendered":"<div id=\"chunk-8e7jr\">\n<div class=\"mc-column content-text active-extra-styles \" data-block-type=\"unstyled\" data-block-weight=\"37\" data-block-id=\"3\">\n<p data-track-category=\"Link no Texto\" data-track-links=\"\"><a href=\"https:\/\/www.sudoestehoje.com.br\/novoportal\/wp-content\/uploads\/2023\/03\/whatsapp-image-2023-03-12-at-16.49.01.webp\"><img loading=\"lazy\" decoding=\"async\" class=\"aligncenter size-medium wp-image-108354\" src=\"https:\/\/www.sudoestehoje.com.br\/novoportal\/wp-content\/uploads\/2023\/03\/whatsapp-image-2023-03-12-at-16.49.01-500x281.webp\" alt=\"\" width=\"500\" height=\"281\" srcset=\"https:\/\/www.sudoestehoje.com.br\/novoportal\/wp-content\/uploads\/2023\/03\/whatsapp-image-2023-03-12-at-16.49.01-500x281.webp 500w, https:\/\/www.sudoestehoje.com.br\/novoportal\/wp-content\/uploads\/2023\/03\/whatsapp-image-2023-03-12-at-16.49.01-700x393.webp 700w, https:\/\/www.sudoestehoje.com.br\/novoportal\/wp-content\/uploads\/2023\/03\/whatsapp-image-2023-03-12-at-16.49.01-768x432.webp 768w, https:\/\/www.sudoestehoje.com.br\/novoportal\/wp-content\/uploads\/2023\/03\/whatsapp-image-2023-03-12-at-16.49.01.webp 984w\" sizes=\"auto, (max-width: 500px) 100vw, 500px\" \/><\/a><\/p>\n<p class=\"content-text__container \" data-track-category=\"Link no Texto\" data-track-links=\"\">Um adolescente de 17 anos est\u00e1 desaparecido desde a tarde de s\u00e1bado (12), ap\u00f3s se afogar na praia da Avenida, no Centro de\u00a0<a class=\"\" href=\"https:\/\/g1.globo.com\/ba\/bahia\/cidade\/ilheus\/\">Ilh\u00e9us<\/a>, no sul da Bahia. As informa\u00e7\u00f5es s\u00e3o do Corpo de Bombeiros da cidade.<\/p>\n<\/div>\n<\/div>\n<div class=\"wall protected-content\">\n<div id=\"chunk-chm7v\">\n<div class=\"mc-column content-text active-extra-styles \" data-block-type=\"unstyled\" data-block-weight=\"42\" data-block-id=\"4\">\n<p class=\"content-text__container \" data-track-category=\"Link no Texto\" data-track-links=\"\">O adolecente e o irm\u00e3o, de 15 anos, entraram no mar na regi\u00e3o da Avenida Soares Lopes, na regi\u00e3o do porto, no come\u00e7o da tarde. Por volta de 14h40, os bombeiros foram acionados para ajudar em uma ocorr\u00eancia de afogamento dos irm\u00e3os.<\/p>\n<div id=\"chunk-fbcss\">\n<div class=\"mc-column content-text active-extra-styles \" data-block-type=\"unstyled\" data-block-weight=\"42\" data-block-id=\"7\">\n<p class=\"content-text__container \" data-track-category=\"Link no Texto\" data-track-links=\"\">Um deles, o de 15 anos, foi resgatado. N\u00e3o h\u00e1 informa\u00e7\u00f5es sobre o estado de sa\u00fade do jovem. J\u00e1 o adolescente de 17 anos n\u00e3o foi encontrado pelos militares. Desde ent\u00e3o, bombeiros realizam buscas na regi\u00e3o da praia onde os jovens estavam.<\/p>\n<p data-track-category=\"Link no Texto\" data-track-links=\"\"><a href=\"https:\/\/www.sudoestehoje.com.br\/novoportal\/wp-content\/uploads\/2023\/03\/whatsapp-image-2023-03-12-at-16.49.00.webp\"><img loading=\"lazy\" decoding=\"async\" class=\"aligncenter size-medium wp-image-108353\" src=\"https:\/\/www.sudoestehoje.com.br\/novoportal\/wp-content\/uploads\/2023\/03\/whatsapp-image-2023-03-12-at-16.49.00-500x281.webp\" alt=\"\" width=\"500\" height=\"281\" srcset=\"https:\/\/www.sudoestehoje.com.br\/novoportal\/wp-content\/uploads\/2023\/03\/whatsapp-image-2023-03-12-at-16.49.00-500x281.webp 500w, https:\/\/www.sudoestehoje.com.br\/novoportal\/wp-content\/uploads\/2023\/03\/whatsapp-image-2023-03-12-at-16.49.00-700x393.webp 700w, https:\/\/www.sudoestehoje.com.br\/novoportal\/wp-content\/uploads\/2023\/03\/whatsapp-image-2023-03-12-at-16.49.00-768x432.webp 768w, https:\/\/www.sudoestehoje.com.br\/novoportal\/wp-content\/uploads\/2023\/03\/whatsapp-image-2023-03-12-at-16.49.00.webp 984w\" sizes=\"auto, (max-width: 500px) 100vw, 500px\" \/><\/a><\/p>\n<\/div>\n<\/div>\n<div id=\"chunk-6lnd9\">\n<div class=\"mc-column content-text active-extra-styles \" data-block-type=\"unstyled\" data-block-weight=\"27\" data-block-id=\"8\">\n<p class=\"content-text__container \" data-track-category=\"Link no Texto\" data-track-links=\"\">Segundo os agentes, a ocorr\u00eancia est\u00e1 em andamento, e n\u00e3o \u00e9 poss\u00edvel informar mais detalhes. Nas buscas, os bombeiros t\u00eam utlizado diversos recursos, como moto aqu\u00e1ticas.<\/p>\n<\/div>\n<\/div>\n<div id=\"chunk-e50aj\">\n<div class=\"mc-column content-text active-extra-styles \" data-block-type=\"unstyled\" data-block-weight=\"24\" data-block-id=\"9\">\n<p class=\"content-text__container \" data-track-category=\"Link no Texto\" data-track-links=\"\">Outros agentes de seguran\u00e7a e sa\u00fade, como policiais militares e profissionais do Servi\u00e7o de Atendimento M\u00f3vel de Urg\u00eancia (Samu), auxiliam nas ativades de buscas.<\/p>\n<\/div>\n<\/div>\n<\/div>\n<\/div>\n<\/div>\n","protected":false},"excerpt":{"rendered":"<p>Um adolescente de 17 anos est\u00e1 desaparecido desde a tarde de s\u00e1bado (12), ap\u00f3s se afogar na praia da Avenida, no Centro de\u00a0Ilh\u00e9us, no sul da Bahia. As informa\u00e7\u00f5es s\u00e3o do Corpo de Bombeiros da cidade. O adolecente e o irm\u00e3o, de 15 anos, entraram no mar na regi\u00e3o da Avenida Soares Lopes, na regi\u00e3o [&hellip;]<\/p>\n","protected":false},"author":2,"featured_media":108354,"comment_status":"open","ping_status":"open","sticky":false,"template":"","format":"standard","meta":{"footnotes":"","_links_to":"","_links_to_target":""},"categories":[1],"tags":[],"class_list":["post-108351","post","type-post","status-publish","format-standard","has-post-thumbnail","hentry","category-geral"],"views":709,"_links":{"self":[{"href":"https:\/\/www.sudoestehoje.com.br\/novoportal\/wp-json\/wp\/v2\/posts\/108351","targetHints":{"allow":["GET"]}}],"collection":[{"href":"https:\/\/www.sudoestehoje.com.br\/novoportal\/wp-json\/wp\/v2\/posts"}],"about":[{"href":"https:\/\/www.sudoestehoje.com.br\/novoportal\/wp-json\/wp\/v2\/types\/post"}],"author":[{"embeddable":true,"href":"https:\/\/www.sudoestehoje.com.br\/novoportal\/wp-json\/wp\/v2\/users\/2"}],"replies":[{"embeddable":true,"href":"https:\/\/www.sudoestehoje.com.br\/novoportal\/wp-json\/wp\/v2\/comments?post=108351"}],"version-history":[{"count":2,"href":"https:\/\/www.sudoestehoje.com.br\/novoportal\/wp-json\/wp\/v2\/posts\/108351\/revisions"}],"predecessor-version":[{"id":108355,"href":"https:\/\/www.sudoestehoje.com.br\/novoportal\/wp-json\/wp\/v2\/posts\/108351\/revisions\/108355"}],"wp:featuredmedia":[{"embeddable":true,"href":"https:\/\/www.sudoestehoje.com.br\/novoportal\/wp-json\/wp\/v2\/media\/108354"}],"wp:attachment":[{"href":"https:\/\/www.sudoestehoje.com.br\/novoportal\/wp-json\/wp\/v2\/media?parent=108351"}],"wp:term":[{"taxonomy":"category","embeddable":true,"href":"https:\/\/www.sudoestehoje.com.br\/novoportal\/wp-json\/wp\/v2\/categories?post=108351"},{"taxonomy":"post_tag","embeddable":true,"href":"https:\/\/www.sudoestehoje.com.br\/novoportal\/wp-json\/wp\/v2\/tags?post=108351"}],"curies":[{"name":"wp","href":"https:\/\/api.w.org\/{rel}","templated":true}]}}