
{"id":108348,"date":"2023-03-12T20:38:45","date_gmt":"2023-03-12T23:38:45","guid":{"rendered":"https:\/\/www.sudoestehoje.com.br\/novoportal\/?p=108348"},"modified":"2023-03-12T20:38:45","modified_gmt":"2023-03-12T23:38:45","slug":"ator-antonio-pedro-morre-aos-82-anos","status":"publish","type":"post","link":"https:\/\/www.sudoestehoje.com.br\/novoportal\/2023\/03\/12\/ator-antonio-pedro-morre-aos-82-anos\/","title":{"rendered":"ATOR ANT\u00d4NIO PEDRO MORRE AOS 82 ANOS"},"content":{"rendered":"<div id=\"chunk-fupkc\">\n<div class=\"mc-column content-text active-extra-styles \" data-block-type=\"unstyled\" data-block-weight=\"29\" data-block-id=\"3\">\n<p data-track-category=\"Link no Texto\" data-track-links=\"\"><a href=\"https:\/\/www.sudoestehoje.com.br\/novoportal\/wp-content\/uploads\/2023\/03\/antonio-pedro-840x440-1.jpg\"><img loading=\"lazy\" decoding=\"async\" class=\"aligncenter size-medium wp-image-108349\" src=\"https:\/\/www.sudoestehoje.com.br\/novoportal\/wp-content\/uploads\/2023\/03\/antonio-pedro-840x440-1-500x262.jpg\" alt=\"\" width=\"500\" height=\"262\" srcset=\"https:\/\/www.sudoestehoje.com.br\/novoportal\/wp-content\/uploads\/2023\/03\/antonio-pedro-840x440-1-500x262.jpg 500w, https:\/\/www.sudoestehoje.com.br\/novoportal\/wp-content\/uploads\/2023\/03\/antonio-pedro-840x440-1-700x367.jpg 700w, https:\/\/www.sudoestehoje.com.br\/novoportal\/wp-content\/uploads\/2023\/03\/antonio-pedro-840x440-1-768x402.jpg 768w, https:\/\/www.sudoestehoje.com.br\/novoportal\/wp-content\/uploads\/2023\/03\/antonio-pedro-840x440-1.jpg 840w\" sizes=\"auto, (max-width: 500px) 100vw, 500px\" \/><\/a><\/p>\n<p class=\"content-text__container \" data-track-category=\"Link no Texto\" data-track-links=\"\"><strong>O ator\u00a0Ant\u00f4nio Pedro\u00a0morreu neste domingo (12), aos 82 anos, de insufici\u00eancias renal e card\u00edaca no Rio de Janeiro. Ele estava internado em um hospital da capital.<\/strong><\/p>\n<\/div>\n<\/div>\n<div class=\"wall protected-content\">\n<div id=\"chunk-admlf\">\n<div class=\"mc-column content-text active-extra-styles \" data-block-type=\"unstyled\" data-block-weight=\"11\" data-block-id=\"4\">\n<p class=\"content-text__container \" data-track-category=\"Link no Texto\" data-track-links=\"\"><strong>Al\u00e9m de ator, Ant\u00f4nio Pedro foi diretor, roteirista e produtor. Atuou em novelas, programas de humor, na Rede Globo, como a Escolinha do Professor Raimundo, ao lado de Chico An\u00edsio.<\/strong><\/p>\n<\/div>\n<\/div>\n<div id=\"chunk-8hknq\">\n<div class=\"mc-column content-text active-extra-styles \" data-block-type=\"unstyled\" data-block-weight=\"35\" data-block-id=\"5\">\n<p class=\"content-text__container \" data-track-category=\"Link no Texto\" data-track-links=\"\"><strong>O vel\u00f3rio acontece a partir das 10h30 desta segunda-feira (13) na capela 2 do Cremat\u00f3rio e Cemit\u00e9rio da Penit\u00eancia, no Caju, na Zona Portu\u00e1ria. \u00c0s 15h30, o corpo do ator ser\u00e1 levado para crema\u00e7\u00e3o.<\/strong><\/p>\n<\/div>\n<\/div>\n<\/div>\n","protected":false},"excerpt":{"rendered":"<p>O ator\u00a0Ant\u00f4nio Pedro\u00a0morreu neste domingo (12), aos 82 anos, de insufici\u00eancias renal e card\u00edaca no Rio de Janeiro. Ele estava internado em um hospital da capital. Al\u00e9m de ator, Ant\u00f4nio Pedro foi diretor, roteirista e produtor. Atuou em novelas, programas de humor, na Rede Globo, como a Escolinha do Professor Raimundo, ao lado de Chico [&hellip;]<\/p>\n","protected":false},"author":2,"featured_media":108349,"comment_status":"open","ping_status":"open","sticky":false,"template":"","format":"standard","meta":{"footnotes":"","_links_to":"","_links_to_target":""},"categories":[1],"tags":[],"class_list":["post-108348","post","type-post","status-publish","format-standard","has-post-thumbnail","hentry","category-geral"],"views":739,"_links":{"self":[{"href":"https:\/\/www.sudoestehoje.com.br\/novoportal\/wp-json\/wp\/v2\/posts\/108348","targetHints":{"allow":["GET"]}}],"collection":[{"href":"https:\/\/www.sudoestehoje.com.br\/novoportal\/wp-json\/wp\/v2\/posts"}],"about":[{"href":"https:\/\/www.sudoestehoje.com.br\/novoportal\/wp-json\/wp\/v2\/types\/post"}],"author":[{"embeddable":true,"href":"https:\/\/www.sudoestehoje.com.br\/novoportal\/wp-json\/wp\/v2\/users\/2"}],"replies":[{"embeddable":true,"href":"https:\/\/www.sudoestehoje.com.br\/novoportal\/wp-json\/wp\/v2\/comments?post=108348"}],"version-history":[{"count":1,"href":"https:\/\/www.sudoestehoje.com.br\/novoportal\/wp-json\/wp\/v2\/posts\/108348\/revisions"}],"predecessor-version":[{"id":108350,"href":"https:\/\/www.sudoestehoje.com.br\/novoportal\/wp-json\/wp\/v2\/posts\/108348\/revisions\/108350"}],"wp:featuredmedia":[{"embeddable":true,"href":"https:\/\/www.sudoestehoje.com.br\/novoportal\/wp-json\/wp\/v2\/media\/108349"}],"wp:attachment":[{"href":"https:\/\/www.sudoestehoje.com.br\/novoportal\/wp-json\/wp\/v2\/media?parent=108348"}],"wp:term":[{"taxonomy":"category","embeddable":true,"href":"https:\/\/www.sudoestehoje.com.br\/novoportal\/wp-json\/wp\/v2\/categories?post=108348"},{"taxonomy":"post_tag","embeddable":true,"href":"https:\/\/www.sudoestehoje.com.br\/novoportal\/wp-json\/wp\/v2\/tags?post=108348"}],"curies":[{"name":"wp","href":"https:\/\/api.w.org\/{rel}","templated":true}]}}