
{"id":108334,"date":"2023-03-11T20:51:03","date_gmt":"2023-03-11T23:51:03","guid":{"rendered":"https:\/\/www.sudoestehoje.com.br\/novoportal\/?p=108334"},"modified":"2023-03-11T20:51:03","modified_gmt":"2023-03-11T23:51:03","slug":"economia-inflacao-volta-a-acelerar-e-sobe-084-em-fevereiro-segundo-ibge","status":"publish","type":"post","link":"https:\/\/www.sudoestehoje.com.br\/novoportal\/2023\/03\/11\/economia-inflacao-volta-a-acelerar-e-sobe-084-em-fevereiro-segundo-ibge\/","title":{"rendered":"ECONOMIA | INFLA\u00c7\u00c3O VOLTA A ACELERAR E SOBE 0,84% EM FEVEREIRO, SEGUNDO IBGE"},"content":{"rendered":"<p><a href=\"https:\/\/www.sudoestehoje.com.br\/novoportal\/wp-content\/uploads\/2023\/03\/WhatsApp-Image-2023-02-10-at-19.09.29.jpeg\"><img loading=\"lazy\" decoding=\"async\" class=\"aligncenter size-medium wp-image-108335\" src=\"https:\/\/www.sudoestehoje.com.br\/novoportal\/wp-content\/uploads\/2023\/03\/WhatsApp-Image-2023-02-10-at-19.09.29-500x282.jpeg\" alt=\"\" width=\"500\" height=\"282\" srcset=\"https:\/\/www.sudoestehoje.com.br\/novoportal\/wp-content\/uploads\/2023\/03\/WhatsApp-Image-2023-02-10-at-19.09.29-500x282.jpeg 500w, https:\/\/www.sudoestehoje.com.br\/novoportal\/wp-content\/uploads\/2023\/03\/WhatsApp-Image-2023-02-10-at-19.09.29-700x394.jpeg 700w, https:\/\/www.sudoestehoje.com.br\/novoportal\/wp-content\/uploads\/2023\/03\/WhatsApp-Image-2023-02-10-at-19.09.29-768x432.jpeg 768w, https:\/\/www.sudoestehoje.com.br\/novoportal\/wp-content\/uploads\/2023\/03\/WhatsApp-Image-2023-02-10-at-19.09.29-1536x865.jpeg 1536w, https:\/\/www.sudoestehoje.com.br\/novoportal\/wp-content\/uploads\/2023\/03\/WhatsApp-Image-2023-02-10-at-19.09.29.jpeg 1600w\" sizes=\"auto, (max-width: 500px) 100vw, 500px\" \/><\/a><\/p>\n<p>A infla\u00e7\u00e3o oficial ganhou for\u00e7a em fevereiro e registrou alta de 0,84%, ficando 0,31 p.p. (ponto percentual) acima da\u00a0<strong>varia\u00e7\u00e3o de 0,53% apurada no m\u00eas ante<\/strong><strong>rior<\/strong>, segundo dados divulgados nesta sexta-feira (10) pelo IBGE (Instituto Brasileiro de Geografia e Estat\u00edstica).<\/p>\n<p>O avan\u00e7o foi puxado pelos gastos com educa\u00e7\u00e3o, que tiveram aumento de 6,28%, um impacto de 0,35 p.p. no \u00edndice.<\/p>\n<p>Com a acelera\u00e7\u00e3o, o IPCA (\u00cdndice Nacional de Pre\u00e7os ao Consumidor) reverte a tend\u00eancia de queda, iniciada em abril do ano passado.<\/p>\n<p>Nos \u00faltimos 12 meses, o \u00edndice acumula alta de 5,6%, abaixo dos 5,77% registrados nos 12 meses anteriores, mas ainda superior \u00e0\u00a0<strong>meta de infla\u00e7\u00e3o para 2023 estabelecida pelo CMN (Conselho Monet\u00e1rio Nacional), de 3,25%<\/strong>. Em fevereiro de 2022, a varia\u00e7\u00e3o havia sido de 1,01%.<\/p>\n","protected":false},"excerpt":{"rendered":"<p>A infla\u00e7\u00e3o oficial ganhou for\u00e7a em fevereiro e registrou alta de 0,84%, ficando 0,31 p.p. (ponto percentual) acima da\u00a0varia\u00e7\u00e3o de 0,53% apurada no m\u00eas anterior, segundo dados divulgados nesta sexta-feira (10) pelo IBGE (Instituto Brasileiro de Geografia e Estat\u00edstica). O avan\u00e7o foi puxado pelos gastos com educa\u00e7\u00e3o, que tiveram aumento de 6,28%, um impacto de [&hellip;]<\/p>\n","protected":false},"author":2,"featured_media":108335,"comment_status":"open","ping_status":"open","sticky":false,"template":"","format":"standard","meta":{"footnotes":"","_links_to":"","_links_to_target":""},"categories":[1],"tags":[],"class_list":["post-108334","post","type-post","status-publish","format-standard","has-post-thumbnail","hentry","category-geral"],"views":643,"_links":{"self":[{"href":"https:\/\/www.sudoestehoje.com.br\/novoportal\/wp-json\/wp\/v2\/posts\/108334","targetHints":{"allow":["GET"]}}],"collection":[{"href":"https:\/\/www.sudoestehoje.com.br\/novoportal\/wp-json\/wp\/v2\/posts"}],"about":[{"href":"https:\/\/www.sudoestehoje.com.br\/novoportal\/wp-json\/wp\/v2\/types\/post"}],"author":[{"embeddable":true,"href":"https:\/\/www.sudoestehoje.com.br\/novoportal\/wp-json\/wp\/v2\/users\/2"}],"replies":[{"embeddable":true,"href":"https:\/\/www.sudoestehoje.com.br\/novoportal\/wp-json\/wp\/v2\/comments?post=108334"}],"version-history":[{"count":1,"href":"https:\/\/www.sudoestehoje.com.br\/novoportal\/wp-json\/wp\/v2\/posts\/108334\/revisions"}],"predecessor-version":[{"id":108336,"href":"https:\/\/www.sudoestehoje.com.br\/novoportal\/wp-json\/wp\/v2\/posts\/108334\/revisions\/108336"}],"wp:featuredmedia":[{"embeddable":true,"href":"https:\/\/www.sudoestehoje.com.br\/novoportal\/wp-json\/wp\/v2\/media\/108335"}],"wp:attachment":[{"href":"https:\/\/www.sudoestehoje.com.br\/novoportal\/wp-json\/wp\/v2\/media?parent=108334"}],"wp:term":[{"taxonomy":"category","embeddable":true,"href":"https:\/\/www.sudoestehoje.com.br\/novoportal\/wp-json\/wp\/v2\/categories?post=108334"},{"taxonomy":"post_tag","embeddable":true,"href":"https:\/\/www.sudoestehoje.com.br\/novoportal\/wp-json\/wp\/v2\/tags?post=108334"}],"curies":[{"name":"wp","href":"https:\/\/api.w.org\/{rel}","templated":true}]}}