
{"id":108312,"date":"2023-03-10T08:56:50","date_gmt":"2023-03-10T11:56:50","guid":{"rendered":"https:\/\/www.sudoestehoje.com.br\/novoportal\/?p=108312"},"modified":"2023-03-10T08:56:50","modified_gmt":"2023-03-10T11:56:50","slug":"bahia-motorista-morre-apos-batida-com-caminhao-na-ba-463-no-oeste-do-estado","status":"publish","type":"post","link":"https:\/\/www.sudoestehoje.com.br\/novoportal\/2023\/03\/10\/bahia-motorista-morre-apos-batida-com-caminhao-na-ba-463-no-oeste-do-estado\/","title":{"rendered":"BAHIA | MOTORISTA MORRE AP\u00d3S BATIDA COM CAMINH\u00c3O NA BA-463, NO OESTE DO ESTADO"},"content":{"rendered":"<p><a href=\"https:\/\/www.sudoestehoje.com.br\/novoportal\/wp-content\/uploads\/2023\/03\/IMAGEM_NOTICIA_5.webp\"><img loading=\"lazy\" decoding=\"async\" class=\"aligncenter size-medium wp-image-108314\" src=\"https:\/\/www.sudoestehoje.com.br\/novoportal\/wp-content\/uploads\/2023\/03\/IMAGEM_NOTICIA_5-500x318.webp\" alt=\"\" width=\"500\" height=\"318\" srcset=\"https:\/\/www.sudoestehoje.com.br\/novoportal\/wp-content\/uploads\/2023\/03\/IMAGEM_NOTICIA_5-500x318.webp 500w, https:\/\/www.sudoestehoje.com.br\/novoportal\/wp-content\/uploads\/2023\/03\/IMAGEM_NOTICIA_5.webp 597w\" sizes=\"auto, (max-width: 500px) 100vw, 500px\" \/><\/a><\/p>\n<p><strong>Um homem, de 31 anos, morreu em uma colis\u00e3o ocorrida nesta quinta-feira (9) em um trecho da BA-463 de S\u00e3o Desid\u00e9rio, no Extremo Oeste baiano. <\/strong><\/p>\n<p><strong>A v\u00edtima, identificada como Daniel Silva Lucena, dirigia um ve\u00edculo um ve\u00edculo VW\/Nivus quando perdeu o controle da dire\u00e7\u00e3o ao passar em um quebra-molas na altura do distrito de Roda Velha. O carro desviou e colidiu com um caminh\u00e3o-ca\u00e7amba, da empresa Paviservice.<\/strong><\/p>\n<p><strong>O motorista, que ficou preso \u00e0s ferragens, foi a \u00f3bito no local. N\u00e3o h\u00e1 informa\u00e7\u00f5es sobre o que ocorreu com o motorista do caminh\u00e3o. Ainda segundo informa\u00e7\u00f5es, uma equipe do 2\u00ba Subgrupamento do 17\u00ba GBM foi ao local e retirou a v\u00edtima das ferragens.<\/strong><\/p>\n<p><strong>O corpo do motorista foi levado para o Departamento de Pol\u00edcia T\u00e9cnica (DPT) da regi\u00e3o.<\/strong><\/p>\n","protected":false},"excerpt":{"rendered":"<p>Um homem, de 31 anos, morreu em uma colis\u00e3o ocorrida nesta quinta-feira (9) em um trecho da BA-463 de S\u00e3o Desid\u00e9rio, no Extremo Oeste baiano. A v\u00edtima, identificada como Daniel Silva Lucena, dirigia um ve\u00edculo um ve\u00edculo VW\/Nivus quando perdeu o controle da dire\u00e7\u00e3o ao passar em um quebra-molas na altura do distrito de Roda [&hellip;]<\/p>\n","protected":false},"author":2,"featured_media":108314,"comment_status":"open","ping_status":"open","sticky":false,"template":"","format":"standard","meta":{"footnotes":"","_links_to":"","_links_to_target":""},"categories":[1],"tags":[],"class_list":["post-108312","post","type-post","status-publish","format-standard","has-post-thumbnail","hentry","category-geral"],"views":778,"_links":{"self":[{"href":"https:\/\/www.sudoestehoje.com.br\/novoportal\/wp-json\/wp\/v2\/posts\/108312","targetHints":{"allow":["GET"]}}],"collection":[{"href":"https:\/\/www.sudoestehoje.com.br\/novoportal\/wp-json\/wp\/v2\/posts"}],"about":[{"href":"https:\/\/www.sudoestehoje.com.br\/novoportal\/wp-json\/wp\/v2\/types\/post"}],"author":[{"embeddable":true,"href":"https:\/\/www.sudoestehoje.com.br\/novoportal\/wp-json\/wp\/v2\/users\/2"}],"replies":[{"embeddable":true,"href":"https:\/\/www.sudoestehoje.com.br\/novoportal\/wp-json\/wp\/v2\/comments?post=108312"}],"version-history":[{"count":3,"href":"https:\/\/www.sudoestehoje.com.br\/novoportal\/wp-json\/wp\/v2\/posts\/108312\/revisions"}],"predecessor-version":[{"id":108316,"href":"https:\/\/www.sudoestehoje.com.br\/novoportal\/wp-json\/wp\/v2\/posts\/108312\/revisions\/108316"}],"wp:featuredmedia":[{"embeddable":true,"href":"https:\/\/www.sudoestehoje.com.br\/novoportal\/wp-json\/wp\/v2\/media\/108314"}],"wp:attachment":[{"href":"https:\/\/www.sudoestehoje.com.br\/novoportal\/wp-json\/wp\/v2\/media?parent=108312"}],"wp:term":[{"taxonomy":"category","embeddable":true,"href":"https:\/\/www.sudoestehoje.com.br\/novoportal\/wp-json\/wp\/v2\/categories?post=108312"},{"taxonomy":"post_tag","embeddable":true,"href":"https:\/\/www.sudoestehoje.com.br\/novoportal\/wp-json\/wp\/v2\/tags?post=108312"}],"curies":[{"name":"wp","href":"https:\/\/api.w.org\/{rel}","templated":true}]}}