
{"id":108253,"date":"2023-03-07T22:58:12","date_gmt":"2023-03-08T01:58:12","guid":{"rendered":"https:\/\/www.sudoestehoje.com.br\/novoportal\/?p=108253"},"modified":"2023-03-09T08:31:08","modified_gmt":"2023-03-09T11:31:08","slug":"bahia-casos-da-covid-19-aumentam-589-na-semana-pos-carnaval-com-12-obitos","status":"publish","type":"post","link":"https:\/\/www.sudoestehoje.com.br\/novoportal\/2023\/03\/07\/bahia-casos-da-covid-19-aumentam-589-na-semana-pos-carnaval-com-12-obitos\/","title":{"rendered":"BAHIA | CASOS DA COVID-19 AUMENTAM 58,9% NA SEMANA P\u00d3S CARNAVAL, COM 12 \u00d3BITOS"},"content":{"rendered":"<p><a href=\"https:\/\/www.sudoestehoje.com.br\/novoportal\/wp-content\/uploads\/2023\/03\/net_carnaval.jpg\"><img loading=\"lazy\" decoding=\"async\" class=\"aligncenter size-medium wp-image-108256\" src=\"https:\/\/www.sudoestehoje.com.br\/novoportal\/wp-content\/uploads\/2023\/03\/net_carnaval-500x333.jpg\" alt=\"\" width=\"500\" height=\"333\" srcset=\"https:\/\/www.sudoestehoje.com.br\/novoportal\/wp-content\/uploads\/2023\/03\/net_carnaval-500x333.jpg 500w, https:\/\/www.sudoestehoje.com.br\/novoportal\/wp-content\/uploads\/2023\/03\/net_carnaval-700x466.jpg 700w, https:\/\/www.sudoestehoje.com.br\/novoportal\/wp-content\/uploads\/2023\/03\/net_carnaval-768x512.jpg 768w, https:\/\/www.sudoestehoje.com.br\/novoportal\/wp-content\/uploads\/2023\/03\/net_carnaval.jpg 890w\" sizes=\"auto, (max-width: 500px) 100vw, 500px\" \/><\/a><\/p>\n<p>A Secretaria Estadual da Sa\u00fade (Sesab) informa que, na Semana Epidemiol\u00f3gica 9 (de 26\/02\/2023 at\u00e9 04\/03\/2023), foram registrados<strong> 1.443 casos de COVID-19<\/strong> (+58,9% em rela\u00e7\u00e3o a SE anterior), uma m\u00e9dia de 440 casos ativos (+7,4% em rela\u00e7\u00e3o a SE anterior) e<strong> 12 \u00f3bitos<\/strong> foram notificados.<\/p>\n<p>O aumento coincide com o per\u00edodo p\u00f3s carnaval, quando milhares de pessoas se aglomeraram em Salvador e diversas cidades do estado.<\/p>\n<p>Os dados representam notifica\u00e7\u00f5es oficiais compiladas pela Diretoria de Vigil\u00e2ncia Epidemiol\u00f3gica em Sa\u00fade da Bahia (Divep-BA), em conjunto com as vigil\u00e2ncias municipais e as bases de dados do Minist\u00e9rio da Sa\u00fade. Na Bahia 72.092 profissionais da sa\u00fade foram confirmados para Covid-19.<\/p>\n","protected":false},"excerpt":{"rendered":"<p>A Secretaria Estadual da Sa\u00fade (Sesab) informa que, na Semana Epidemiol\u00f3gica 9 (de 26\/02\/2023 at\u00e9 04\/03\/2023), foram registrados 1.443 casos de COVID-19 (+58,9% em rela\u00e7\u00e3o a SE anterior), uma m\u00e9dia de 440 casos ativos (+7,4% em rela\u00e7\u00e3o a SE anterior) e 12 \u00f3bitos foram notificados. O aumento coincide com o per\u00edodo p\u00f3s carnaval, quando milhares [&hellip;]<\/p>\n","protected":false},"author":2,"featured_media":108256,"comment_status":"closed","ping_status":"open","sticky":false,"template":"","format":"standard","meta":{"footnotes":"","_links_to":"","_links_to_target":""},"categories":[1],"tags":[],"class_list":["post-108253","post","type-post","status-publish","format-standard","has-post-thumbnail","hentry","category-geral"],"views":714,"_links":{"self":[{"href":"https:\/\/www.sudoestehoje.com.br\/novoportal\/wp-json\/wp\/v2\/posts\/108253","targetHints":{"allow":["GET"]}}],"collection":[{"href":"https:\/\/www.sudoestehoje.com.br\/novoportal\/wp-json\/wp\/v2\/posts"}],"about":[{"href":"https:\/\/www.sudoestehoje.com.br\/novoportal\/wp-json\/wp\/v2\/types\/post"}],"author":[{"embeddable":true,"href":"https:\/\/www.sudoestehoje.com.br\/novoportal\/wp-json\/wp\/v2\/users\/2"}],"replies":[{"embeddable":true,"href":"https:\/\/www.sudoestehoje.com.br\/novoportal\/wp-json\/wp\/v2\/comments?post=108253"}],"version-history":[{"count":4,"href":"https:\/\/www.sudoestehoje.com.br\/novoportal\/wp-json\/wp\/v2\/posts\/108253\/revisions"}],"predecessor-version":[{"id":108258,"href":"https:\/\/www.sudoestehoje.com.br\/novoportal\/wp-json\/wp\/v2\/posts\/108253\/revisions\/108258"}],"wp:featuredmedia":[{"embeddable":true,"href":"https:\/\/www.sudoestehoje.com.br\/novoportal\/wp-json\/wp\/v2\/media\/108256"}],"wp:attachment":[{"href":"https:\/\/www.sudoestehoje.com.br\/novoportal\/wp-json\/wp\/v2\/media?parent=108253"}],"wp:term":[{"taxonomy":"category","embeddable":true,"href":"https:\/\/www.sudoestehoje.com.br\/novoportal\/wp-json\/wp\/v2\/categories?post=108253"},{"taxonomy":"post_tag","embeddable":true,"href":"https:\/\/www.sudoestehoje.com.br\/novoportal\/wp-json\/wp\/v2\/tags?post=108253"}],"curies":[{"name":"wp","href":"https:\/\/api.w.org\/{rel}","templated":true}]}}