
{"id":108227,"date":"2023-03-06T11:08:52","date_gmt":"2023-03-06T14:08:52","guid":{"rendered":"https:\/\/www.sudoestehoje.com.br\/novoportal\/?p=108227"},"modified":"2023-03-06T11:08:52","modified_gmt":"2023-03-06T14:08:52","slug":"ilheus-bombeiros-atendem-gestante-em-trabalho-de-parto-dentro-de-onibus","status":"publish","type":"post","link":"https:\/\/www.sudoestehoje.com.br\/novoportal\/2023\/03\/06\/ilheus-bombeiros-atendem-gestante-em-trabalho-de-parto-dentro-de-onibus\/","title":{"rendered":"ILH\u00c9US | BOMBEIROS ATENDEM GESTANTE EM TRABALHO DE PARTO DENTRO DE \u00d4NIBUS"},"content":{"rendered":"<p><a href=\"https:\/\/www.sudoestehoje.com.br\/novoportal\/wp-content\/uploads\/2023\/03\/0919-achei-sudoeste-mulher-em-trabalho-de-parto-atendida-por-bombeiros-em-ilheus.webp\"><img loading=\"lazy\" decoding=\"async\" class=\"aligncenter size-medium wp-image-108228\" src=\"https:\/\/www.sudoestehoje.com.br\/novoportal\/wp-content\/uploads\/2023\/03\/0919-achei-sudoeste-mulher-em-trabalho-de-parto-atendida-por-bombeiros-em-ilheus-500x333.webp\" alt=\"\" width=\"500\" height=\"333\" srcset=\"https:\/\/www.sudoestehoje.com.br\/novoportal\/wp-content\/uploads\/2023\/03\/0919-achei-sudoeste-mulher-em-trabalho-de-parto-atendida-por-bombeiros-em-ilheus-500x333.webp 500w, https:\/\/www.sudoestehoje.com.br\/novoportal\/wp-content\/uploads\/2023\/03\/0919-achei-sudoeste-mulher-em-trabalho-de-parto-atendida-por-bombeiros-em-ilheus-700x467.webp 700w, https:\/\/www.sudoestehoje.com.br\/novoportal\/wp-content\/uploads\/2023\/03\/0919-achei-sudoeste-mulher-em-trabalho-de-parto-atendida-por-bombeiros-em-ilheus.webp 750w\" sizes=\"auto, (max-width: 500px) 100vw, 500px\" \/><\/a><\/p>\n<p>Uma gestante entrou em trabalho de parto, neste s\u00e1bado (4), dentro de um \u00f4nibus em Ilh\u00e9us, no sul da Bahia. Ao perceber a necessidade do atendimento, o motorista do coletivo dirigiu at\u00e9 a sede do Corpo de Bombeiros. A gestante foi socorrida pelos bombeiros com uma prancha r\u00edgida e levada para dentro da unidade que abriga a guarni\u00e7\u00e3o.<\/p>\n<p>Por meio de nota, a Secretaria de Seguran\u00e7a P\u00fablica (SSP) informou que ela sentia dores. Segundo o sargento Anderson Fran\u00e7a, integrante do Corpo de Bombeiros e que atendeu o caso, a paciente estava a caminho da maternidade, vindo da zona rural de Ilh\u00e9us, quando come\u00e7ou a apresentar contrata\u00e7\u00f5es no percurso.<\/p>\n<p>\u201cO parto ocorreu dentro da normalidade, sem intercorr\u00eancias e de maneira r\u00e1pida. Que Deus aben\u00e7oe esses pais e essa crian\u00e7a\u201d, disse o sargento. Uma equipe do Servi\u00e7o de Atendimento M\u00f3vel de Urg\u00eancia (Samu) foi acionada para ajudar no atendimento e a gestante foi levada ao Hospital Materno-Infantil Dr. Joaquim Sampaio. M\u00e3e e filho passam bem.<\/p>\n","protected":false},"excerpt":{"rendered":"<p>Uma gestante entrou em trabalho de parto, neste s\u00e1bado (4), dentro de um \u00f4nibus em Ilh\u00e9us, no sul da Bahia. Ao perceber a necessidade do atendimento, o motorista do coletivo dirigiu at\u00e9 a sede do Corpo de Bombeiros. A gestante foi socorrida pelos bombeiros com uma prancha r\u00edgida e levada para dentro da unidade que [&hellip;]<\/p>\n","protected":false},"author":2,"featured_media":108228,"comment_status":"open","ping_status":"open","sticky":false,"template":"","format":"standard","meta":{"footnotes":"","_links_to":"","_links_to_target":""},"categories":[1],"tags":[],"class_list":["post-108227","post","type-post","status-publish","format-standard","has-post-thumbnail","hentry","category-geral"],"views":705,"_links":{"self":[{"href":"https:\/\/www.sudoestehoje.com.br\/novoportal\/wp-json\/wp\/v2\/posts\/108227","targetHints":{"allow":["GET"]}}],"collection":[{"href":"https:\/\/www.sudoestehoje.com.br\/novoportal\/wp-json\/wp\/v2\/posts"}],"about":[{"href":"https:\/\/www.sudoestehoje.com.br\/novoportal\/wp-json\/wp\/v2\/types\/post"}],"author":[{"embeddable":true,"href":"https:\/\/www.sudoestehoje.com.br\/novoportal\/wp-json\/wp\/v2\/users\/2"}],"replies":[{"embeddable":true,"href":"https:\/\/www.sudoestehoje.com.br\/novoportal\/wp-json\/wp\/v2\/comments?post=108227"}],"version-history":[{"count":1,"href":"https:\/\/www.sudoestehoje.com.br\/novoportal\/wp-json\/wp\/v2\/posts\/108227\/revisions"}],"predecessor-version":[{"id":108229,"href":"https:\/\/www.sudoestehoje.com.br\/novoportal\/wp-json\/wp\/v2\/posts\/108227\/revisions\/108229"}],"wp:featuredmedia":[{"embeddable":true,"href":"https:\/\/www.sudoestehoje.com.br\/novoportal\/wp-json\/wp\/v2\/media\/108228"}],"wp:attachment":[{"href":"https:\/\/www.sudoestehoje.com.br\/novoportal\/wp-json\/wp\/v2\/media?parent=108227"}],"wp:term":[{"taxonomy":"category","embeddable":true,"href":"https:\/\/www.sudoestehoje.com.br\/novoportal\/wp-json\/wp\/v2\/categories?post=108227"},{"taxonomy":"post_tag","embeddable":true,"href":"https:\/\/www.sudoestehoje.com.br\/novoportal\/wp-json\/wp\/v2\/tags?post=108227"}],"curies":[{"name":"wp","href":"https:\/\/api.w.org\/{rel}","templated":true}]}}