
{"id":108188,"date":"2023-03-04T11:43:13","date_gmt":"2023-03-04T14:43:13","guid":{"rendered":"https:\/\/www.sudoestehoje.com.br\/novoportal\/?p=108188"},"modified":"2023-03-04T11:43:13","modified_gmt":"2023-03-04T14:43:13","slug":"rumo-aos-seus-60-anos-a-coopardo-cresce-e-une-a-classe-ruralista-na-regiao","status":"publish","type":"post","link":"https:\/\/www.sudoestehoje.com.br\/novoportal\/2023\/03\/04\/rumo-aos-seus-60-anos-a-coopardo-cresce-e-une-a-classe-ruralista-na-regiao\/","title":{"rendered":"RUMO AOS SEUS 60 ANOS, A COOPARDO CRESCE E UNE A CLASSE RURALISTA NA REGI\u00c3O"},"content":{"rendered":"<p><a href=\"https:\/\/www.sudoestehoje.com.br\/novoportal\/wp-content\/uploads\/2023\/03\/WhatsApp-Image-2023-03-03-at-15.23.13.jpeg\"><img loading=\"lazy\" decoding=\"async\" class=\"aligncenter size-medium wp-image-108191\" src=\"https:\/\/www.sudoestehoje.com.br\/novoportal\/wp-content\/uploads\/2023\/03\/WhatsApp-Image-2023-03-03-at-15.23.13-500x375.jpeg\" alt=\"\" width=\"500\" height=\"375\" srcset=\"https:\/\/www.sudoestehoje.com.br\/novoportal\/wp-content\/uploads\/2023\/03\/WhatsApp-Image-2023-03-03-at-15.23.13-500x375.jpeg 500w, https:\/\/www.sudoestehoje.com.br\/novoportal\/wp-content\/uploads\/2023\/03\/WhatsApp-Image-2023-03-03-at-15.23.13-700x525.jpeg 700w, https:\/\/www.sudoestehoje.com.br\/novoportal\/wp-content\/uploads\/2023\/03\/WhatsApp-Image-2023-03-03-at-15.23.13-768x576.jpeg 768w, https:\/\/www.sudoestehoje.com.br\/novoportal\/wp-content\/uploads\/2023\/03\/WhatsApp-Image-2023-03-03-at-15.23.13-1536x1152.jpeg 1536w, https:\/\/www.sudoestehoje.com.br\/novoportal\/wp-content\/uploads\/2023\/03\/WhatsApp-Image-2023-03-03-at-15.23.13.jpeg 1600w\" sizes=\"auto, (max-width: 500px) 100vw, 500px\" \/><\/a><\/p>\n<p><strong>Buscando sempre melhores alternativas para seu cooperado, a COOPERATIVA MISTA DO M\u00c9DIO RIO PARDO &#8211; COOPARDO est\u00e1 no percurso para alcan\u00e7ar os seus 60 anos de exist\u00eancia, o que acontecer\u00e1 no pr\u00f3ximo m\u00eas de setembro.<\/strong><\/p>\n<p><strong><em>&#8220;Trabalhando juntos, diretoria, conselheiros e colaboradores, buscamos sempre alcan\u00e7ar o melhor desenvolvimento da Coopardo, um patrim\u00f4nio regional, prestando servi\u00e7os e disponibilizando produtos de qualidade&#8221;<\/em>, destacou Alex Coelho, diretor presidente da maior cooperativa agropecu\u00e1ria do Sudoeste.<\/strong><\/p>\n<p><strong>&#8220;Precisamos estar juntos, cooperativa e produtores, para melhor desenvolver a principal atividade econ\u00f4mica regional, que \u00e9 a pecu\u00e1ria&#8221;, lembrou Alex.<\/strong><\/p>\n<p><strong>Alex Coelho e diretoria agradecem.<\/strong><\/p>\n\n\t\t<style type=\"text\/css\">\n\t\t\t#gallery-1 {\n\t\t\t\tmargin: auto;\n\t\t\t}\n\t\t\t#gallery-1 .gallery-item {\n\t\t\t\tfloat: left;\n\t\t\t\tmargin-top: 10px;\n\t\t\t\ttext-align: center;\n\t\t\t\twidth: 33%;\n\t\t\t}\n\t\t\t#gallery-1 img {\n\t\t\t\tborder: 2px solid #cfcfcf;\n\t\t\t}\n\t\t\t#gallery-1 .gallery-caption {\n\t\t\t\tmargin-left: 0;\n\t\t\t}\n\t\t\t\/* see gallery_shortcode() in wp-includes\/media.php *\/\n\t\t<\/style>\n\t\t<div id='gallery-1' class='gallery galleryid-108188 gallery-columns-3 gallery-size-thumbnail'><dl class='gallery-item'>\n\t\t\t<dt class='gallery-icon landscape'>\n\t\t\t\t<a href='https:\/\/www.sudoestehoje.com.br\/novoportal\/2023\/03\/04\/rumo-aos-seus-60-anos-a-coopardo-cresce-e-une-a-classe-ruralista-na-regiao\/whatsapp-image-2023-03-03-at-15-18-38-1\/'><img loading=\"lazy\" decoding=\"async\" width=\"150\" height=\"150\" src=\"https:\/\/www.sudoestehoje.com.br\/novoportal\/wp-content\/uploads\/2023\/03\/WhatsApp-Image-2023-03-03-at-15.18.38-1-150x150.jpeg\" class=\"attachment-thumbnail size-thumbnail\" alt=\"\" \/><\/a>\n\t\t\t<\/dt><\/dl><dl class='gallery-item'>\n\t\t\t<dt class='gallery-icon landscape'>\n\t\t\t\t<a href='https:\/\/www.sudoestehoje.com.br\/novoportal\/2023\/03\/04\/rumo-aos-seus-60-anos-a-coopardo-cresce-e-une-a-classe-ruralista-na-regiao\/whatsapp-image-2023-03-03-at-15-18-38\/'><img loading=\"lazy\" decoding=\"async\" width=\"150\" height=\"150\" src=\"https:\/\/www.sudoestehoje.com.br\/novoportal\/wp-content\/uploads\/2023\/03\/WhatsApp-Image-2023-03-03-at-15.18.38-150x150.jpeg\" class=\"attachment-thumbnail size-thumbnail\" alt=\"\" \/><\/a>\n\t\t\t<\/dt><\/dl><dl class='gallery-item'>\n\t\t\t<dt class='gallery-icon portrait'>\n\t\t\t\t<a href='https:\/\/www.sudoestehoje.com.br\/novoportal\/2023\/03\/04\/rumo-aos-seus-60-anos-a-coopardo-cresce-e-une-a-classe-ruralista-na-regiao\/whatsapp-image-2023-03-03-at-15-18-39-2\/'><img loading=\"lazy\" decoding=\"async\" width=\"150\" height=\"150\" src=\"https:\/\/www.sudoestehoje.com.br\/novoportal\/wp-content\/uploads\/2023\/03\/WhatsApp-Image-2023-03-03-at-15.18.39-2-150x150.jpeg\" class=\"attachment-thumbnail size-thumbnail\" alt=\"\" \/><\/a>\n\t\t\t<\/dt><\/dl><br style=\"clear: both\" \/><dl class='gallery-item'>\n\t\t\t<dt class='gallery-icon landscape'>\n\t\t\t\t<a href='https:\/\/www.sudoestehoje.com.br\/novoportal\/2023\/03\/04\/rumo-aos-seus-60-anos-a-coopardo-cresce-e-une-a-classe-ruralista-na-regiao\/whatsapp-image-2023-03-03-at-15-18-39\/'><img loading=\"lazy\" decoding=\"async\" width=\"150\" height=\"150\" src=\"https:\/\/www.sudoestehoje.com.br\/novoportal\/wp-content\/uploads\/2023\/03\/WhatsApp-Image-2023-03-03-at-15.18.39-150x150.jpeg\" class=\"attachment-thumbnail size-thumbnail\" alt=\"\" \/><\/a>\n\t\t\t<\/dt><\/dl><dl class='gallery-item'>\n\t\t\t<dt class='gallery-icon landscape'>\n\t\t\t\t<a href='https:\/\/www.sudoestehoje.com.br\/novoportal\/2023\/03\/04\/rumo-aos-seus-60-anos-a-coopardo-cresce-e-une-a-classe-ruralista-na-regiao\/whatsapp-image-2023-03-03-at-15-18-40\/'><img loading=\"lazy\" decoding=\"async\" width=\"150\" height=\"150\" src=\"https:\/\/www.sudoestehoje.com.br\/novoportal\/wp-content\/uploads\/2023\/03\/WhatsApp-Image-2023-03-03-at-15.18.40-150x150.jpeg\" class=\"attachment-thumbnail size-thumbnail\" alt=\"\" \/><\/a>\n\t\t\t<\/dt><\/dl><dl class='gallery-item'>\n\t\t\t<dt class='gallery-icon landscape'>\n\t\t\t\t<a href='https:\/\/www.sudoestehoje.com.br\/novoportal\/2023\/03\/04\/rumo-aos-seus-60-anos-a-coopardo-cresce-e-une-a-classe-ruralista-na-regiao\/whatsapp-image-2023-03-03-at-15-20-48\/'><img loading=\"lazy\" decoding=\"async\" width=\"150\" height=\"150\" src=\"https:\/\/www.sudoestehoje.com.br\/novoportal\/wp-content\/uploads\/2023\/03\/WhatsApp-Image-2023-03-03-at-15.20.48-150x150.jpeg\" class=\"attachment-thumbnail size-thumbnail\" alt=\"\" \/><\/a>\n\t\t\t<\/dt><\/dl><br style=\"clear: both\" \/>\n\t\t<\/div>\n\n<p><strong>Por Davi Ferraz<\/strong><\/p>\n","protected":false},"excerpt":{"rendered":"<p>Buscando sempre melhores alternativas para seu cooperado, a COOPERATIVA MISTA DO M\u00c9DIO RIO PARDO &#8211; COOPARDO est\u00e1 no percurso para alcan\u00e7ar os seus 60 anos de exist\u00eancia, o que acontecer\u00e1 no pr\u00f3ximo m\u00eas de setembro. &#8220;Trabalhando juntos, diretoria, conselheiros e colaboradores, buscamos sempre alcan\u00e7ar o melhor desenvolvimento da Coopardo, um patrim\u00f4nio regional, prestando servi\u00e7os e [&hellip;]<\/p>\n","protected":false},"author":2,"featured_media":108191,"comment_status":"open","ping_status":"open","sticky":false,"template":"","format":"standard","meta":{"footnotes":"","_links_to":"","_links_to_target":""},"categories":[1],"tags":[],"class_list":["post-108188","post","type-post","status-publish","format-standard","has-post-thumbnail","hentry","category-geral"],"views":703,"_links":{"self":[{"href":"https:\/\/www.sudoestehoje.com.br\/novoportal\/wp-json\/wp\/v2\/posts\/108188","targetHints":{"allow":["GET"]}}],"collection":[{"href":"https:\/\/www.sudoestehoje.com.br\/novoportal\/wp-json\/wp\/v2\/posts"}],"about":[{"href":"https:\/\/www.sudoestehoje.com.br\/novoportal\/wp-json\/wp\/v2\/types\/post"}],"author":[{"embeddable":true,"href":"https:\/\/www.sudoestehoje.com.br\/novoportal\/wp-json\/wp\/v2\/users\/2"}],"replies":[{"embeddable":true,"href":"https:\/\/www.sudoestehoje.com.br\/novoportal\/wp-json\/wp\/v2\/comments?post=108188"}],"version-history":[{"count":4,"href":"https:\/\/www.sudoestehoje.com.br\/novoportal\/wp-json\/wp\/v2\/posts\/108188\/revisions"}],"predecessor-version":[{"id":108202,"href":"https:\/\/www.sudoestehoje.com.br\/novoportal\/wp-json\/wp\/v2\/posts\/108188\/revisions\/108202"}],"wp:featuredmedia":[{"embeddable":true,"href":"https:\/\/www.sudoestehoje.com.br\/novoportal\/wp-json\/wp\/v2\/media\/108191"}],"wp:attachment":[{"href":"https:\/\/www.sudoestehoje.com.br\/novoportal\/wp-json\/wp\/v2\/media?parent=108188"}],"wp:term":[{"taxonomy":"category","embeddable":true,"href":"https:\/\/www.sudoestehoje.com.br\/novoportal\/wp-json\/wp\/v2\/categories?post=108188"},{"taxonomy":"post_tag","embeddable":true,"href":"https:\/\/www.sudoestehoje.com.br\/novoportal\/wp-json\/wp\/v2\/tags?post=108188"}],"curies":[{"name":"wp","href":"https:\/\/api.w.org\/{rel}","templated":true}]}}