
{"id":108150,"date":"2023-03-01T18:26:38","date_gmt":"2023-03-01T21:26:38","guid":{"rendered":"https:\/\/www.sudoestehoje.com.br\/novoportal\/?p=108150"},"modified":"2023-03-01T23:11:13","modified_gmt":"2023-03-02T02:11:13","slug":"108150","status":"publish","type":"post","link":"https:\/\/www.sudoestehoje.com.br\/novoportal\/2023\/03\/01\/108150\/","title":{"rendered":"ITAPETINGA | VACINA BIVALENTE COME\u00c7OU A SER APLICADA EM IDOSOS E OUTROS GRUPOS"},"content":{"rendered":"<p><a href=\"https:\/\/www.sudoestehoje.com.br\/novoportal\/wp-content\/uploads\/2023\/03\/vacinacao-idosos-roo-mt-site-750x410-1.jpg\"><img loading=\"lazy\" decoding=\"async\" class=\"aligncenter size-medium wp-image-108152\" src=\"https:\/\/www.sudoestehoje.com.br\/novoportal\/wp-content\/uploads\/2023\/03\/vacinacao-idosos-roo-mt-site-750x410-1-500x273.jpg\" alt=\"\" width=\"500\" height=\"273\" srcset=\"https:\/\/www.sudoestehoje.com.br\/novoportal\/wp-content\/uploads\/2023\/03\/vacinacao-idosos-roo-mt-site-750x410-1-500x273.jpg 500w, https:\/\/www.sudoestehoje.com.br\/novoportal\/wp-content\/uploads\/2023\/03\/vacinacao-idosos-roo-mt-site-750x410-1-700x383.jpg 700w, https:\/\/www.sudoestehoje.com.br\/novoportal\/wp-content\/uploads\/2023\/03\/vacinacao-idosos-roo-mt-site-750x410-1.jpg 750w\" sizes=\"auto, (max-width: 500px) 100vw, 500px\" \/><\/a><\/p>\n<p><strong>A Prefeitura de Itapetinga, atrav\u00e9s da Secretaria de Sa\u00fade, iniciou nesta quarta-feira (1) a aplica\u00e7\u00e3o da vacina bivalente contra a Covid-19. <\/strong><\/p>\n<p><strong>A vacina \u00e9 uma atualiza\u00e7\u00e3o do imunizante em rela\u00e7\u00e3o \u00e0s novas cepas do coronav\u00edrus. As equipes das Unidades B\u00e1sicas de Sa\u00fade (UBS&#8217;s) j\u00e1 foram atualizadas das novidades da vacina\u00e7\u00e3o.<\/strong><\/p>\n<p><strong>Na primeira fase, a vacina\u00e7\u00e3o contra a Covid-19 com o imunizante bivalente \u00e9 para: \u00a0popula\u00e7\u00e3o que vive em institui\u00e7\u00f5es de longa perman\u00eancia ou que trabalha nelas, pessoas imunossuprimidas, ind\u00edgenas, ribeirinhos e quilombolas, todos estes a partir de 12 anos e tamb\u00e9m idosos a partir de 70 anos.<\/strong><\/p>\n<p><strong>Documentos<\/strong><\/p>\n<p><strong>Para receber a vacina bivalente ser\u00e1 preciso ter pelo menos duas doses e apresentar o RG, CPF ou cart\u00e3o SUS e cart\u00e3o de vacina. Pessoas imunocomprometidas precisam levar original e c\u00f3pia do laudo m\u00e9dico.<\/strong><\/p>\n","protected":false},"excerpt":{"rendered":"<p>A Prefeitura de Itapetinga, atrav\u00e9s da Secretaria de Sa\u00fade, iniciou nesta quarta-feira (1) a aplica\u00e7\u00e3o da vacina bivalente contra a Covid-19. A vacina \u00e9 uma atualiza\u00e7\u00e3o do imunizante em rela\u00e7\u00e3o \u00e0s novas cepas do coronav\u00edrus. As equipes das Unidades B\u00e1sicas de Sa\u00fade (UBS&#8217;s) j\u00e1 foram atualizadas das novidades da vacina\u00e7\u00e3o. Na primeira fase, a vacina\u00e7\u00e3o [&hellip;]<\/p>\n","protected":false},"author":2,"featured_media":108151,"comment_status":"open","ping_status":"open","sticky":false,"template":"","format":"standard","meta":{"footnotes":"","_links_to":"","_links_to_target":""},"categories":[1],"tags":[],"class_list":["post-108150","post","type-post","status-publish","format-standard","has-post-thumbnail","hentry","category-geral"],"views":604,"_links":{"self":[{"href":"https:\/\/www.sudoestehoje.com.br\/novoportal\/wp-json\/wp\/v2\/posts\/108150","targetHints":{"allow":["GET"]}}],"collection":[{"href":"https:\/\/www.sudoestehoje.com.br\/novoportal\/wp-json\/wp\/v2\/posts"}],"about":[{"href":"https:\/\/www.sudoestehoje.com.br\/novoportal\/wp-json\/wp\/v2\/types\/post"}],"author":[{"embeddable":true,"href":"https:\/\/www.sudoestehoje.com.br\/novoportal\/wp-json\/wp\/v2\/users\/2"}],"replies":[{"embeddable":true,"href":"https:\/\/www.sudoestehoje.com.br\/novoportal\/wp-json\/wp\/v2\/comments?post=108150"}],"version-history":[{"count":3,"href":"https:\/\/www.sudoestehoje.com.br\/novoportal\/wp-json\/wp\/v2\/posts\/108150\/revisions"}],"predecessor-version":[{"id":108155,"href":"https:\/\/www.sudoestehoje.com.br\/novoportal\/wp-json\/wp\/v2\/posts\/108150\/revisions\/108155"}],"wp:featuredmedia":[{"embeddable":true,"href":"https:\/\/www.sudoestehoje.com.br\/novoportal\/wp-json\/wp\/v2\/media\/108151"}],"wp:attachment":[{"href":"https:\/\/www.sudoestehoje.com.br\/novoportal\/wp-json\/wp\/v2\/media?parent=108150"}],"wp:term":[{"taxonomy":"category","embeddable":true,"href":"https:\/\/www.sudoestehoje.com.br\/novoportal\/wp-json\/wp\/v2\/categories?post=108150"},{"taxonomy":"post_tag","embeddable":true,"href":"https:\/\/www.sudoestehoje.com.br\/novoportal\/wp-json\/wp\/v2\/tags?post=108150"}],"curies":[{"name":"wp","href":"https:\/\/api.w.org\/{rel}","templated":true}]}}