
{"id":108137,"date":"2023-03-01T11:57:41","date_gmt":"2023-03-01T14:57:41","guid":{"rendered":"https:\/\/www.sudoestehoje.com.br\/novoportal\/?p=108137"},"modified":"2023-03-01T11:59:08","modified_gmt":"2023-03-01T14:59:08","slug":"coopardo-e-racoes-equus-fecham-parceria-com-haras-vitrine-em-maiquinique","status":"publish","type":"post","link":"https:\/\/www.sudoestehoje.com.br\/novoportal\/2023\/03\/01\/coopardo-e-racoes-equus-fecham-parceria-com-haras-vitrine-em-maiquinique\/","title":{"rendered":"COOPARDO E RA\u00c7\u00d5ES EQUUS FECHAM PARCERIA COM HARAS VITRINE EM MAIQUINIQUE"},"content":{"rendered":"<p><a href=\"https:\/\/www.sudoestehoje.com.br\/novoportal\/wp-content\/uploads\/2023\/03\/WhatsApp-Image-2023-03-01-at-11.30.15.jpeg\"><img loading=\"lazy\" decoding=\"async\" class=\"aligncenter size-medium wp-image-108140\" src=\"https:\/\/www.sudoestehoje.com.br\/novoportal\/wp-content\/uploads\/2023\/03\/WhatsApp-Image-2023-03-01-at-11.30.15-500x375.jpeg\" alt=\"\" width=\"500\" height=\"375\" srcset=\"https:\/\/www.sudoestehoje.com.br\/novoportal\/wp-content\/uploads\/2023\/03\/WhatsApp-Image-2023-03-01-at-11.30.15-500x375.jpeg 500w, https:\/\/www.sudoestehoje.com.br\/novoportal\/wp-content\/uploads\/2023\/03\/WhatsApp-Image-2023-03-01-at-11.30.15-700x525.jpeg 700w, https:\/\/www.sudoestehoje.com.br\/novoportal\/wp-content\/uploads\/2023\/03\/WhatsApp-Image-2023-03-01-at-11.30.15-768x576.jpeg 768w, https:\/\/www.sudoestehoje.com.br\/novoportal\/wp-content\/uploads\/2023\/03\/WhatsApp-Image-2023-03-01-at-11.30.15-1536x1152.jpeg 1536w, https:\/\/www.sudoestehoje.com.br\/novoportal\/wp-content\/uploads\/2023\/03\/WhatsApp-Image-2023-03-01-at-11.30.15.jpeg 1600w\" sizes=\"auto, (max-width: 500px) 100vw, 500px\" \/><\/a><\/p>\n<p><strong>No embalo do sucesso da ra\u00e7\u00e3o para equinos EQUUS, a Coopardo acaba de fechar uma nova parceria com o Haras Vitrine, de propriedade de Charles Adriano Moreira, localizado no munic\u00edpio de Maiquinique, no M\u00e9dio Sudoeste baiano.<\/strong><\/p>\n<p><strong>O Haras Vitrine \u00e9 criador de animais qualidade, campe\u00f5es de equiprovas em diversos eventos da regi\u00e3o.<\/strong><\/p>\n<p><strong>Desde que iniciou a produ\u00e7\u00e3o da Ra\u00e7\u00e3o Equus, em sua f\u00e1brica localizada em Itapetinga, a Coopardo vem conquistando importantes parcerias, aprimorando e\u00a0 aumentando a sua produ\u00e7\u00e3o.<\/strong><\/p>\n<p><a href=\"https:\/\/www.sudoestehoje.com.br\/novoportal\/wp-content\/uploads\/2023\/03\/WhatsApp-Image-2023-03-01-at-11.30.43.jpeg\"><img loading=\"lazy\" decoding=\"async\" class=\"aligncenter size-medium wp-image-108141\" src=\"https:\/\/www.sudoestehoje.com.br\/novoportal\/wp-content\/uploads\/2023\/03\/WhatsApp-Image-2023-03-01-at-11.30.43-500x375.jpeg\" alt=\"\" width=\"500\" height=\"375\" srcset=\"https:\/\/www.sudoestehoje.com.br\/novoportal\/wp-content\/uploads\/2023\/03\/WhatsApp-Image-2023-03-01-at-11.30.43-500x375.jpeg 500w, https:\/\/www.sudoestehoje.com.br\/novoportal\/wp-content\/uploads\/2023\/03\/WhatsApp-Image-2023-03-01-at-11.30.43-700x525.jpeg 700w, https:\/\/www.sudoestehoje.com.br\/novoportal\/wp-content\/uploads\/2023\/03\/WhatsApp-Image-2023-03-01-at-11.30.43-768x576.jpeg 768w, https:\/\/www.sudoestehoje.com.br\/novoportal\/wp-content\/uploads\/2023\/03\/WhatsApp-Image-2023-03-01-at-11.30.43-1536x1152.jpeg 1536w, https:\/\/www.sudoestehoje.com.br\/novoportal\/wp-content\/uploads\/2023\/03\/WhatsApp-Image-2023-03-01-at-11.30.43.jpeg 1600w\" sizes=\"auto, (max-width: 500px) 100vw, 500px\" \/><\/a><\/p>\n<p><strong>O diretor presidente da Coopardo, Alex Coelho, vem se destacando como excelente gestor da maior cooperativa agropecu\u00e1ria do Sudoeste Baiano, fato reconhecido pelos cooperados e toda a classe de produtores rurais e empres\u00e1rios do agroneg\u00f3cio regional.<\/strong><\/p>\n\n\t\t<style type=\"text\/css\">\n\t\t\t#gallery-1 {\n\t\t\t\tmargin: auto;\n\t\t\t}\n\t\t\t#gallery-1 .gallery-item {\n\t\t\t\tfloat: left;\n\t\t\t\tmargin-top: 10px;\n\t\t\t\ttext-align: center;\n\t\t\t\twidth: 33%;\n\t\t\t}\n\t\t\t#gallery-1 img {\n\t\t\t\tborder: 2px solid #cfcfcf;\n\t\t\t}\n\t\t\t#gallery-1 .gallery-caption {\n\t\t\t\tmargin-left: 0;\n\t\t\t}\n\t\t\t\/* see gallery_shortcode() in wp-includes\/media.php *\/\n\t\t<\/style>\n\t\t<div id='gallery-1' class='gallery galleryid-108137 gallery-columns-3 gallery-size-thumbnail'><dl class='gallery-item'>\n\t\t\t<dt class='gallery-icon portrait'>\n\t\t\t\t<a href='https:\/\/www.sudoestehoje.com.br\/novoportal\/2023\/03\/01\/coopardo-e-racoes-equus-fecham-parceria-com-haras-vitrine-em-maiquinique\/whatsapp-image-2023-03-01-at-11-31-28-1\/'><img loading=\"lazy\" decoding=\"async\" width=\"150\" height=\"150\" src=\"https:\/\/www.sudoestehoje.com.br\/novoportal\/wp-content\/uploads\/2023\/03\/WhatsApp-Image-2023-03-01-at-11.31.28-1-150x150.jpeg\" class=\"attachment-thumbnail size-thumbnail\" alt=\"\" \/><\/a>\n\t\t\t<\/dt><\/dl><dl class='gallery-item'>\n\t\t\t<dt class='gallery-icon landscape'>\n\t\t\t\t<a href='https:\/\/www.sudoestehoje.com.br\/novoportal\/2023\/03\/01\/coopardo-e-racoes-equus-fecham-parceria-com-haras-vitrine-em-maiquinique\/whatsapp-image-2023-03-01-at-11-30-01\/'><img loading=\"lazy\" decoding=\"async\" width=\"150\" height=\"150\" src=\"https:\/\/www.sudoestehoje.com.br\/novoportal\/wp-content\/uploads\/2023\/03\/WhatsApp-Image-2023-03-01-at-11.30.01-150x150.jpeg\" class=\"attachment-thumbnail size-thumbnail\" alt=\"\" \/><\/a>\n\t\t\t<\/dt><\/dl><dl class='gallery-item'>\n\t\t\t<dt class='gallery-icon portrait'>\n\t\t\t\t<a href='https:\/\/www.sudoestehoje.com.br\/novoportal\/2023\/03\/01\/coopardo-e-racoes-equus-fecham-parceria-com-haras-vitrine-em-maiquinique\/whatsapp-image-2023-03-01-at-11-29-44\/'><img loading=\"lazy\" decoding=\"async\" width=\"150\" height=\"150\" src=\"https:\/\/www.sudoestehoje.com.br\/novoportal\/wp-content\/uploads\/2023\/03\/WhatsApp-Image-2023-03-01-at-11.29.44-150x150.jpeg\" class=\"attachment-thumbnail size-thumbnail\" alt=\"\" \/><\/a>\n\t\t\t<\/dt><\/dl><br style=\"clear: both\" \/>\n\t\t<\/div>\n\n<p><em><strong>Por Davi Ferraz\u00a0<\/strong><\/em><\/p>\n","protected":false},"excerpt":{"rendered":"<p>No embalo do sucesso da ra\u00e7\u00e3o para equinos EQUUS, a Coopardo acaba de fechar uma nova parceria com o Haras Vitrine, de propriedade de Charles Adriano Moreira, localizado no munic\u00edpio de Maiquinique, no M\u00e9dio Sudoeste baiano. O Haras Vitrine \u00e9 criador de animais qualidade, campe\u00f5es de equiprovas em diversos eventos da regi\u00e3o. Desde que iniciou [&hellip;]<\/p>\n","protected":false},"author":2,"featured_media":108140,"comment_status":"open","ping_status":"open","sticky":false,"template":"","format":"standard","meta":{"footnotes":"","_links_to":"","_links_to_target":""},"categories":[1],"tags":[],"class_list":["post-108137","post","type-post","status-publish","format-standard","has-post-thumbnail","hentry","category-geral"],"views":979,"_links":{"self":[{"href":"https:\/\/www.sudoestehoje.com.br\/novoportal\/wp-json\/wp\/v2\/posts\/108137","targetHints":{"allow":["GET"]}}],"collection":[{"href":"https:\/\/www.sudoestehoje.com.br\/novoportal\/wp-json\/wp\/v2\/posts"}],"about":[{"href":"https:\/\/www.sudoestehoje.com.br\/novoportal\/wp-json\/wp\/v2\/types\/post"}],"author":[{"embeddable":true,"href":"https:\/\/www.sudoestehoje.com.br\/novoportal\/wp-json\/wp\/v2\/users\/2"}],"replies":[{"embeddable":true,"href":"https:\/\/www.sudoestehoje.com.br\/novoportal\/wp-json\/wp\/v2\/comments?post=108137"}],"version-history":[{"count":1,"href":"https:\/\/www.sudoestehoje.com.br\/novoportal\/wp-json\/wp\/v2\/posts\/108137\/revisions"}],"predecessor-version":[{"id":108144,"href":"https:\/\/www.sudoestehoje.com.br\/novoportal\/wp-json\/wp\/v2\/posts\/108137\/revisions\/108144"}],"wp:featuredmedia":[{"embeddable":true,"href":"https:\/\/www.sudoestehoje.com.br\/novoportal\/wp-json\/wp\/v2\/media\/108140"}],"wp:attachment":[{"href":"https:\/\/www.sudoestehoje.com.br\/novoportal\/wp-json\/wp\/v2\/media?parent=108137"}],"wp:term":[{"taxonomy":"category","embeddable":true,"href":"https:\/\/www.sudoestehoje.com.br\/novoportal\/wp-json\/wp\/v2\/categories?post=108137"},{"taxonomy":"post_tag","embeddable":true,"href":"https:\/\/www.sudoestehoje.com.br\/novoportal\/wp-json\/wp\/v2\/tags?post=108137"}],"curies":[{"name":"wp","href":"https:\/\/api.w.org\/{rel}","templated":true}]}}