
{"id":108128,"date":"2023-03-01T09:50:15","date_gmt":"2023-03-01T12:50:15","guid":{"rendered":"https:\/\/www.sudoestehoje.com.br\/novoportal\/?p=108128"},"modified":"2023-03-01T09:50:15","modified_gmt":"2023-03-01T12:50:15","slug":"itapetinga-militancia-do-mdb-quer-cabeca-de-chapa-do-partido-na-sucessao-de-rodrigo","status":"publish","type":"post","link":"https:\/\/www.sudoestehoje.com.br\/novoportal\/2023\/03\/01\/itapetinga-militancia-do-mdb-quer-cabeca-de-chapa-do-partido-na-sucessao-de-rodrigo\/","title":{"rendered":"ITAPETINGA | MILIT\u00c2NCIA DO MDB QUER CABE\u00c7A DE CHAPA DO PARTIDO NA SUCESS\u00c3O DE RODRIGO"},"content":{"rendered":"<p><a href=\"https:\/\/www.sudoestehoje.com.br\/novoportal\/wp-content\/uploads\/2023\/03\/WhatsApp-Image-2022-09-29-at-07.30.13.jpeg\"><img loading=\"lazy\" decoding=\"async\" class=\"aligncenter size-medium wp-image-108130\" src=\"https:\/\/www.sudoestehoje.com.br\/novoportal\/wp-content\/uploads\/2023\/03\/WhatsApp-Image-2022-09-29-at-07.30.13-500x282.jpeg\" alt=\"\" width=\"500\" height=\"282\" srcset=\"https:\/\/www.sudoestehoje.com.br\/novoportal\/wp-content\/uploads\/2023\/03\/WhatsApp-Image-2022-09-29-at-07.30.13-500x282.jpeg 500w, https:\/\/www.sudoestehoje.com.br\/novoportal\/wp-content\/uploads\/2023\/03\/WhatsApp-Image-2022-09-29-at-07.30.13-700x394.jpeg 700w, https:\/\/www.sudoestehoje.com.br\/novoportal\/wp-content\/uploads\/2023\/03\/WhatsApp-Image-2022-09-29-at-07.30.13-768x432.jpeg 768w, https:\/\/www.sudoestehoje.com.br\/novoportal\/wp-content\/uploads\/2023\/03\/WhatsApp-Image-2022-09-29-at-07.30.13-1536x865.jpeg 1536w, https:\/\/www.sudoestehoje.com.br\/novoportal\/wp-content\/uploads\/2023\/03\/WhatsApp-Image-2022-09-29-at-07.30.13.jpeg 1600w\" sizes=\"auto, (max-width: 500px) 100vw, 500px\" \/><\/a><\/p>\n<p><strong>Com a proximidade das elei\u00e7\u00f5es municipais, as especula\u00e7\u00f5es sobre pretensas candidaturas \u00e0 sucess\u00e3o do prefeito Rodrigo Hagge (MDB) surgem a todo instante, seja na m\u00eddia ou nas conversas de &#8216;p\u00e9-de-orelha&#8217;, nos bastidores pol\u00edticos.<\/strong><\/p>\n<p><strong>As especula\u00e7\u00f5es, como se sabe, nem sempre se transformam em decis\u00f5es definitivas, mas algumas merecem ser levadas em conta, como por exemplo, a quest\u00e3o partid\u00e1ria, no que diz respeito \u00e0 forma\u00e7\u00e3o da chapa.<\/strong><\/p>\n<p><strong>Se depender da milit\u00e2ncia do MDB local, por exemplo, a cabe\u00e7a da chapa dever\u00e1 ser ocupada por um candidato &#8216;puro sangue&#8217;, conhecido por &#8216;Gabiraba ra\u00edz&#8217; ou &#8216;Saru\u00ea&#8217;, numa alus\u00e3o aos fi\u00e9is partid\u00e1rios do ex-prefeito Michel Hagge e ao atual Rodrigo Hagge.<\/strong><\/p>\n<p><strong>Eventuais postulantes das siglas aliadas, ter\u00e3o enorme dificuldade para emplacar seus nomes como &#8216;cabe\u00e7a de chapa&#8217; em 2024, se depender da milit\u00e2ncia do MDB, que ter\u00e1 um enorme peso na sucess\u00e3o.<\/strong><\/p>\n<p><strong>Para a vice, tem conversa&#8230;<\/strong><\/p>\n<p><strong><em>Por Davi Ferraz<\/em><\/strong><\/p>\n","protected":false},"excerpt":{"rendered":"<p>Com a proximidade das elei\u00e7\u00f5es municipais, as especula\u00e7\u00f5es sobre pretensas candidaturas \u00e0 sucess\u00e3o do prefeito Rodrigo Hagge (MDB) surgem a todo instante, seja na m\u00eddia ou nas conversas de &#8216;p\u00e9-de-orelha&#8217;, nos bastidores pol\u00edticos. As especula\u00e7\u00f5es, como se sabe, nem sempre se transformam em decis\u00f5es definitivas, mas algumas merecem ser levadas em conta, como por exemplo, [&hellip;]<\/p>\n","protected":false},"author":2,"featured_media":108130,"comment_status":"open","ping_status":"open","sticky":false,"template":"","format":"standard","meta":{"footnotes":"","_links_to":"","_links_to_target":""},"categories":[1],"tags":[],"class_list":["post-108128","post","type-post","status-publish","format-standard","has-post-thumbnail","hentry","category-geral"],"views":821,"_links":{"self":[{"href":"https:\/\/www.sudoestehoje.com.br\/novoportal\/wp-json\/wp\/v2\/posts\/108128","targetHints":{"allow":["GET"]}}],"collection":[{"href":"https:\/\/www.sudoestehoje.com.br\/novoportal\/wp-json\/wp\/v2\/posts"}],"about":[{"href":"https:\/\/www.sudoestehoje.com.br\/novoportal\/wp-json\/wp\/v2\/types\/post"}],"author":[{"embeddable":true,"href":"https:\/\/www.sudoestehoje.com.br\/novoportal\/wp-json\/wp\/v2\/users\/2"}],"replies":[{"embeddable":true,"href":"https:\/\/www.sudoestehoje.com.br\/novoportal\/wp-json\/wp\/v2\/comments?post=108128"}],"version-history":[{"count":3,"href":"https:\/\/www.sudoestehoje.com.br\/novoportal\/wp-json\/wp\/v2\/posts\/108128\/revisions"}],"predecessor-version":[{"id":108132,"href":"https:\/\/www.sudoestehoje.com.br\/novoportal\/wp-json\/wp\/v2\/posts\/108128\/revisions\/108132"}],"wp:featuredmedia":[{"embeddable":true,"href":"https:\/\/www.sudoestehoje.com.br\/novoportal\/wp-json\/wp\/v2\/media\/108130"}],"wp:attachment":[{"href":"https:\/\/www.sudoestehoje.com.br\/novoportal\/wp-json\/wp\/v2\/media?parent=108128"}],"wp:term":[{"taxonomy":"category","embeddable":true,"href":"https:\/\/www.sudoestehoje.com.br\/novoportal\/wp-json\/wp\/v2\/categories?post=108128"},{"taxonomy":"post_tag","embeddable":true,"href":"https:\/\/www.sudoestehoje.com.br\/novoportal\/wp-json\/wp\/v2\/tags?post=108128"}],"curies":[{"name":"wp","href":"https:\/\/api.w.org\/{rel}","templated":true}]}}