
{"id":108119,"date":"2023-02-28T11:09:25","date_gmt":"2023-02-28T14:09:25","guid":{"rendered":"https:\/\/www.sudoestehoje.com.br\/novoportal\/?p=108119"},"modified":"2023-02-28T11:09:25","modified_gmt":"2023-02-28T14:09:25","slug":"havan-inicia-reconstrucao-da-nova-loja-em-vitoria-da-conquista-apos-incendio","status":"publish","type":"post","link":"https:\/\/www.sudoestehoje.com.br\/novoportal\/2023\/02\/28\/havan-inicia-reconstrucao-da-nova-loja-em-vitoria-da-conquista-apos-incendio\/","title":{"rendered":"HAVAN INICIA RECONSTRU\u00c7\u00c3O DA NOVA LOJA EM VIT\u00d3RIA DA CONQUISTA, AP\u00d3S INC\u00caNDIO"},"content":{"rendered":"<p><a href=\"https:\/\/www.sudoestehoje.com.br\/novoportal\/wp-content\/uploads\/2023\/02\/1672240882159461.webp\"><img loading=\"lazy\" decoding=\"async\" class=\"aligncenter size-medium wp-image-108120\" src=\"https:\/\/www.sudoestehoje.com.br\/novoportal\/wp-content\/uploads\/2023\/02\/1672240882159461-500x291.webp\" alt=\"\" width=\"500\" height=\"291\" srcset=\"https:\/\/www.sudoestehoje.com.br\/novoportal\/wp-content\/uploads\/2023\/02\/1672240882159461-500x291.webp 500w, https:\/\/www.sudoestehoje.com.br\/novoportal\/wp-content\/uploads\/2023\/02\/1672240882159461-700x408.webp 700w, https:\/\/www.sudoestehoje.com.br\/novoportal\/wp-content\/uploads\/2023\/02\/1672240882159461-768x447.webp 768w, https:\/\/www.sudoestehoje.com.br\/novoportal\/wp-content\/uploads\/2023\/02\/1672240882159461.webp 1008w\" sizes=\"auto, (max-width: 500px) 100vw, 500px\" \/><\/a><\/p>\n<p><strong>A Havan iniciou as obras de reconstru\u00e7\u00e3o dois meses ap\u00f3s o inc\u00eandio que destruiu a megaloja, em Vit\u00f3ria da Conquista (BA). <\/strong><\/p>\n<p><strong>A previs\u00e3o para a reinaugura\u00e7\u00e3o \u00e9 at\u00e9 o segundo semestre deste ano. A nova loja foi prometida pelo empres\u00e1rio Luciano Hang durante a visita ainda no dia do inc\u00eandio, em 28 de dezembro.<\/strong><\/p>\n<p><strong>A nova filial seguir\u00e1 o mesmo layout da anterior, com uma estrutura de mais de seis mil metros quadrados, contendo pra\u00e7a de alimenta\u00e7\u00e3o e mais de 350 mil produtos das linhas eletro e eletr\u00f4nicos, cama, mesa e banho, utilidades dom\u00e9sticas, moda, brinquedos e muito mais.<\/strong><\/p>\n","protected":false},"excerpt":{"rendered":"<p>A Havan iniciou as obras de reconstru\u00e7\u00e3o dois meses ap\u00f3s o inc\u00eandio que destruiu a megaloja, em Vit\u00f3ria da Conquista (BA). A previs\u00e3o para a reinaugura\u00e7\u00e3o \u00e9 at\u00e9 o segundo semestre deste ano. A nova loja foi prometida pelo empres\u00e1rio Luciano Hang durante a visita ainda no dia do inc\u00eandio, em 28 de dezembro. A [&hellip;]<\/p>\n","protected":false},"author":2,"featured_media":108120,"comment_status":"open","ping_status":"open","sticky":false,"template":"","format":"standard","meta":{"footnotes":"","_links_to":"","_links_to_target":""},"categories":[1],"tags":[],"class_list":["post-108119","post","type-post","status-publish","format-standard","has-post-thumbnail","hentry","category-geral"],"views":715,"_links":{"self":[{"href":"https:\/\/www.sudoestehoje.com.br\/novoportal\/wp-json\/wp\/v2\/posts\/108119","targetHints":{"allow":["GET"]}}],"collection":[{"href":"https:\/\/www.sudoestehoje.com.br\/novoportal\/wp-json\/wp\/v2\/posts"}],"about":[{"href":"https:\/\/www.sudoestehoje.com.br\/novoportal\/wp-json\/wp\/v2\/types\/post"}],"author":[{"embeddable":true,"href":"https:\/\/www.sudoestehoje.com.br\/novoportal\/wp-json\/wp\/v2\/users\/2"}],"replies":[{"embeddable":true,"href":"https:\/\/www.sudoestehoje.com.br\/novoportal\/wp-json\/wp\/v2\/comments?post=108119"}],"version-history":[{"count":2,"href":"https:\/\/www.sudoestehoje.com.br\/novoportal\/wp-json\/wp\/v2\/posts\/108119\/revisions"}],"predecessor-version":[{"id":108122,"href":"https:\/\/www.sudoestehoje.com.br\/novoportal\/wp-json\/wp\/v2\/posts\/108119\/revisions\/108122"}],"wp:featuredmedia":[{"embeddable":true,"href":"https:\/\/www.sudoestehoje.com.br\/novoportal\/wp-json\/wp\/v2\/media\/108120"}],"wp:attachment":[{"href":"https:\/\/www.sudoestehoje.com.br\/novoportal\/wp-json\/wp\/v2\/media?parent=108119"}],"wp:term":[{"taxonomy":"category","embeddable":true,"href":"https:\/\/www.sudoestehoje.com.br\/novoportal\/wp-json\/wp\/v2\/categories?post=108119"},{"taxonomy":"post_tag","embeddable":true,"href":"https:\/\/www.sudoestehoje.com.br\/novoportal\/wp-json\/wp\/v2\/tags?post=108119"}],"curies":[{"name":"wp","href":"https:\/\/api.w.org\/{rel}","templated":true}]}}