
{"id":108109,"date":"2023-02-28T10:30:11","date_gmt":"2023-02-28T13:30:11","guid":{"rendered":"https:\/\/www.sudoestehoje.com.br\/novoportal\/?p=108109"},"modified":"2023-02-28T10:30:11","modified_gmt":"2023-02-28T13:30:11","slug":"quaresma-alternativas-a-carne-peixe-e-ovo-estao-mais-caros-este-ano","status":"publish","type":"post","link":"https:\/\/www.sudoestehoje.com.br\/novoportal\/2023\/02\/28\/quaresma-alternativas-a-carne-peixe-e-ovo-estao-mais-caros-este-ano\/","title":{"rendered":"QUARESMA | ALTERNATIVAS \u00c0 CARNE, PEIXE E OVO EST\u00c3O MAIS CAROS ESTE ANO"},"content":{"rendered":"<div id=\"chunk-90oce\">\n<div class=\"mc-column content-text active-extra-styles \" data-block-type=\"unstyled\" data-block-weight=\"38\" data-block-id=\"3\">\n<p data-track-category=\"Link no Texto\" data-track-links=\"\"><a href=\"https:\/\/www.sudoestehoje.com.br\/novoportal\/wp-content\/uploads\/2023\/02\/2802-ovocaro-bdbr.01-frame-1486.webp\"><img loading=\"lazy\" decoding=\"async\" class=\"aligncenter size-medium wp-image-108110\" src=\"https:\/\/www.sudoestehoje.com.br\/novoportal\/wp-content\/uploads\/2023\/02\/2802-ovocaro-bdbr.01-frame-1486-500x281.webp\" alt=\"\" width=\"500\" height=\"281\" srcset=\"https:\/\/www.sudoestehoje.com.br\/novoportal\/wp-content\/uploads\/2023\/02\/2802-ovocaro-bdbr.01-frame-1486-500x281.webp 500w, https:\/\/www.sudoestehoje.com.br\/novoportal\/wp-content\/uploads\/2023\/02\/2802-ovocaro-bdbr.01-frame-1486-700x394.webp 700w, https:\/\/www.sudoestehoje.com.br\/novoportal\/wp-content\/uploads\/2023\/02\/2802-ovocaro-bdbr.01-frame-1486-768x432.webp 768w, https:\/\/www.sudoestehoje.com.br\/novoportal\/wp-content\/uploads\/2023\/02\/2802-ovocaro-bdbr.01-frame-1486.webp 1008w\" sizes=\"auto, (max-width: 500px) 100vw, 500px\" \/><\/a><\/p>\n<p class=\"content-text__container \" data-track-category=\"Link no Texto\" data-track-links=\"\"><strong>Na\u00a0Quaresma, a tradi\u00e7\u00e3o cat\u00f3lica de n\u00e3o comer carne vermelha vai sair um pouco mais cara em 2023.\u00a0<span class=\"highlight highlighted\">O pre\u00e7o do peixe subiu e at\u00e9 mesmo o ovo, a alternativa mais em conta, n\u00e3o est\u00e1 t\u00e3o barata assim<\/span>.<\/strong><\/p>\n<\/div>\n<\/div>\n<div class=\"wall protected-content\">\n<div id=\"chunk-2brrf\">\n<div class=\"mc-column content-text active-extra-styles \" data-block-type=\"unstyled\" data-block-weight=\"49\" data-block-id=\"4\">\n<p class=\"content-text__container \" data-track-category=\"Link no Texto\" data-track-links=\"\"><strong>A caixa do ovo branco, com trinta d\u00fazias subiu 14% do come\u00e7o desde o come\u00e7o do ano. O tipo vermelho, aumentou 15.7% no mesmo per\u00edodo. Uma eleva\u00e7\u00e3o recorde desde que o \u00edndice come\u00e7ou a ser medido, h\u00e1 dez anos, pelo Centro de Estudos Avan\u00e7ados em Economia Aplicada da\u00a0<a href=\"https:\/\/g1.globo.com\/educacao\/universidade\/usp\/\">USP<\/a>.<\/strong><\/p>\n<p data-track-category=\"Link no Texto\" data-track-links=\"\"><strong>A analista de mercado de ovos da Cepea-USP, Juliana Ferraz, diz que o custo de produ\u00e7\u00e3o \u00e9 um dos fatores que fazem com que o pre\u00e7o do alimento suba.<\/strong><\/p>\n<p data-track-category=\"Link no Texto\" data-track-links=\"\"><strong>Restou como \u00faltima op\u00e7\u00e3o, o p\u00e9-de-galinha, barato e com muita &#8216;sustan\u00e7a&#8217;&#8230;<\/strong><\/p>\n<\/div>\n<\/div>\n<\/div>\n","protected":false},"excerpt":{"rendered":"<p>Na\u00a0Quaresma, a tradi\u00e7\u00e3o cat\u00f3lica de n\u00e3o comer carne vermelha vai sair um pouco mais cara em 2023.\u00a0O pre\u00e7o do peixe subiu e at\u00e9 mesmo o ovo, a alternativa mais em conta, n\u00e3o est\u00e1 t\u00e3o barata assim. A caixa do ovo branco, com trinta d\u00fazias subiu 14% do come\u00e7o desde o come\u00e7o do ano. O tipo [&hellip;]<\/p>\n","protected":false},"author":2,"featured_media":108110,"comment_status":"open","ping_status":"open","sticky":false,"template":"","format":"standard","meta":{"footnotes":"","_links_to":"","_links_to_target":""},"categories":[1],"tags":[],"class_list":["post-108109","post","type-post","status-publish","format-standard","has-post-thumbnail","hentry","category-geral"],"views":672,"_links":{"self":[{"href":"https:\/\/www.sudoestehoje.com.br\/novoportal\/wp-json\/wp\/v2\/posts\/108109","targetHints":{"allow":["GET"]}}],"collection":[{"href":"https:\/\/www.sudoestehoje.com.br\/novoportal\/wp-json\/wp\/v2\/posts"}],"about":[{"href":"https:\/\/www.sudoestehoje.com.br\/novoportal\/wp-json\/wp\/v2\/types\/post"}],"author":[{"embeddable":true,"href":"https:\/\/www.sudoestehoje.com.br\/novoportal\/wp-json\/wp\/v2\/users\/2"}],"replies":[{"embeddable":true,"href":"https:\/\/www.sudoestehoje.com.br\/novoportal\/wp-json\/wp\/v2\/comments?post=108109"}],"version-history":[{"count":3,"href":"https:\/\/www.sudoestehoje.com.br\/novoportal\/wp-json\/wp\/v2\/posts\/108109\/revisions"}],"predecessor-version":[{"id":108113,"href":"https:\/\/www.sudoestehoje.com.br\/novoportal\/wp-json\/wp\/v2\/posts\/108109\/revisions\/108113"}],"wp:featuredmedia":[{"embeddable":true,"href":"https:\/\/www.sudoestehoje.com.br\/novoportal\/wp-json\/wp\/v2\/media\/108110"}],"wp:attachment":[{"href":"https:\/\/www.sudoestehoje.com.br\/novoportal\/wp-json\/wp\/v2\/media?parent=108109"}],"wp:term":[{"taxonomy":"category","embeddable":true,"href":"https:\/\/www.sudoestehoje.com.br\/novoportal\/wp-json\/wp\/v2\/categories?post=108109"},{"taxonomy":"post_tag","embeddable":true,"href":"https:\/\/www.sudoestehoje.com.br\/novoportal\/wp-json\/wp\/v2\/tags?post=108109"}],"curies":[{"name":"wp","href":"https:\/\/api.w.org\/{rel}","templated":true}]}}