
{"id":108090,"date":"2023-02-27T17:07:32","date_gmt":"2023-02-27T20:07:32","guid":{"rendered":"https:\/\/www.sudoestehoje.com.br\/novoportal\/?p=108090"},"modified":"2023-02-27T17:07:32","modified_gmt":"2023-02-27T20:07:32","slug":"governo-lula-anuncia-aumento-dos-combustiveis-com-volta-dos-impostos","status":"publish","type":"post","link":"https:\/\/www.sudoestehoje.com.br\/novoportal\/2023\/02\/27\/governo-lula-anuncia-aumento-dos-combustiveis-com-volta-dos-impostos\/","title":{"rendered":"GOVERNO LULA ANUNCIA AUMENTO DOS COMBUST\u00cdVEIS COM VOLTA DOS IMPOSTOS"},"content":{"rendered":"<div id=\"chunk-dssqj\">\n<div class=\"mc-column content-text active-extra-styles active-capital-letter\" data-block-type=\"unstyled\" data-block-weight=\"35\" data-block-id=\"2\">\n<p data-track-category=\"Link no Texto\" data-track-links=\"\"><a href=\"https:\/\/www.sudoestehoje.com.br\/novoportal\/wp-content\/uploads\/2023\/02\/WhatsApp-Image-2023-02-27-at-16.57.08.jpeg\"><img loading=\"lazy\" decoding=\"async\" class=\"aligncenter size-medium wp-image-108091\" src=\"https:\/\/www.sudoestehoje.com.br\/novoportal\/wp-content\/uploads\/2023\/02\/WhatsApp-Image-2023-02-27-at-16.57.08-500x422.jpeg\" alt=\"\" width=\"500\" height=\"422\" srcset=\"https:\/\/www.sudoestehoje.com.br\/novoportal\/wp-content\/uploads\/2023\/02\/WhatsApp-Image-2023-02-27-at-16.57.08-500x422.jpeg 500w, https:\/\/www.sudoestehoje.com.br\/novoportal\/wp-content\/uploads\/2023\/02\/WhatsApp-Image-2023-02-27-at-16.57.08-700x590.jpeg 700w, https:\/\/www.sudoestehoje.com.br\/novoportal\/wp-content\/uploads\/2023\/02\/WhatsApp-Image-2023-02-27-at-16.57.08-768x647.jpeg 768w, https:\/\/www.sudoestehoje.com.br\/novoportal\/wp-content\/uploads\/2023\/02\/WhatsApp-Image-2023-02-27-at-16.57.08.jpeg 1077w\" sizes=\"auto, (max-width: 500px) 100vw, 500px\" \/><\/a><\/p>\n<p class=\"content-text__container theme-color-primary-first-letter\" data-track-category=\"Link no Texto\" data-track-links=\"\">O\u00a0Minist\u00e9rio da Fazenda\u00a0anunciou nesta segunda-feira (27) que haver\u00e1 aumento do imposto sobre os combust\u00edveis para arrecadar R$ 28,8 bilh\u00f5es neste ano,\u00a0valor anunciado pelo ministro Fernando Haddad em pacote fiscal em janeiro.<\/p>\n<\/div>\n<\/div>\n<div class=\"wall protected-content\">\n<div id=\"chunk-d0ctk\">\n<div class=\"mc-column content-text active-extra-styles \" data-block-type=\"unstyled\" data-block-weight=\"35\" data-block-id=\"3\">\n<p class=\"content-text__container \" data-track-category=\"Link no Texto\" data-track-links=\"\">A pasta n\u00e3o explicou, por\u00e9m, qual ser\u00e1 o percentual de reajuste e nem o valor em reais por litro de cada combust\u00edvel. Acrescentou somente que <strong>os combust\u00edveis f\u00f3sseis, como a gasolina, ser\u00e3o mais onerados<\/strong>.<\/p>\n<\/div>\n<\/div>\n<div id=\"chunk-998ch\">\n<div class=\"mc-column content-text active-extra-styles \" data-block-type=\"unstyled\" data-block-weight=\"50\" data-block-id=\"4\">\n<p class=\"content-text__container \" data-track-category=\"Link no Texto\" data-track-links=\"\">A decis\u00e3o foi comunicada ap\u00f3s reuni\u00e3o na manh\u00e3 desta quinta no Pal\u00e1cio do Planalto entre o presidente Luiz In\u00e1cio\u00a0<strong>Lula<\/strong>\u00a0da Silva e os ministros <strong>Rui Costa<\/strong> (Casa Civil) e <strong>Haddad<\/strong> (Fazenda), al\u00e9m do presidente da\u00a0Petrobras, <strong>Jean Paul Prates<\/strong>.\u00a0Outro encontro sobre o assunto deve acontecer ainda hoje.<\/p>\n<\/div>\n<\/div>\n<\/div>\n","protected":false},"excerpt":{"rendered":"<p>O\u00a0Minist\u00e9rio da Fazenda\u00a0anunciou nesta segunda-feira (27) que haver\u00e1 aumento do imposto sobre os combust\u00edveis para arrecadar R$ 28,8 bilh\u00f5es neste ano,\u00a0valor anunciado pelo ministro Fernando Haddad em pacote fiscal em janeiro. A pasta n\u00e3o explicou, por\u00e9m, qual ser\u00e1 o percentual de reajuste e nem o valor em reais por litro de cada combust\u00edvel. Acrescentou somente [&hellip;]<\/p>\n","protected":false},"author":2,"featured_media":108091,"comment_status":"open","ping_status":"open","sticky":false,"template":"","format":"standard","meta":{"footnotes":"","_links_to":"","_links_to_target":""},"categories":[1],"tags":[],"class_list":["post-108090","post","type-post","status-publish","format-standard","has-post-thumbnail","hentry","category-geral"],"views":790,"_links":{"self":[{"href":"https:\/\/www.sudoestehoje.com.br\/novoportal\/wp-json\/wp\/v2\/posts\/108090","targetHints":{"allow":["GET"]}}],"collection":[{"href":"https:\/\/www.sudoestehoje.com.br\/novoportal\/wp-json\/wp\/v2\/posts"}],"about":[{"href":"https:\/\/www.sudoestehoje.com.br\/novoportal\/wp-json\/wp\/v2\/types\/post"}],"author":[{"embeddable":true,"href":"https:\/\/www.sudoestehoje.com.br\/novoportal\/wp-json\/wp\/v2\/users\/2"}],"replies":[{"embeddable":true,"href":"https:\/\/www.sudoestehoje.com.br\/novoportal\/wp-json\/wp\/v2\/comments?post=108090"}],"version-history":[{"count":2,"href":"https:\/\/www.sudoestehoje.com.br\/novoportal\/wp-json\/wp\/v2\/posts\/108090\/revisions"}],"predecessor-version":[{"id":108093,"href":"https:\/\/www.sudoestehoje.com.br\/novoportal\/wp-json\/wp\/v2\/posts\/108090\/revisions\/108093"}],"wp:featuredmedia":[{"embeddable":true,"href":"https:\/\/www.sudoestehoje.com.br\/novoportal\/wp-json\/wp\/v2\/media\/108091"}],"wp:attachment":[{"href":"https:\/\/www.sudoestehoje.com.br\/novoportal\/wp-json\/wp\/v2\/media?parent=108090"}],"wp:term":[{"taxonomy":"category","embeddable":true,"href":"https:\/\/www.sudoestehoje.com.br\/novoportal\/wp-json\/wp\/v2\/categories?post=108090"},{"taxonomy":"post_tag","embeddable":true,"href":"https:\/\/www.sudoestehoje.com.br\/novoportal\/wp-json\/wp\/v2\/tags?post=108090"}],"curies":[{"name":"wp","href":"https:\/\/api.w.org\/{rel}","templated":true}]}}