
{"id":10809,"date":"2011-11-29T11:29:26","date_gmt":"2011-11-29T14:29:26","guid":{"rendered":"http:\/\/www.sudoestehoje.com.br\/novoportal\/?p=10809"},"modified":"2011-11-29T11:29:26","modified_gmt":"2011-11-29T14:29:26","slug":"convite-2","status":"publish","type":"post","link":"https:\/\/www.sudoestehoje.com.br\/novoportal\/2011\/11\/29\/convite-2\/","title":{"rendered":"CONVITE"},"content":{"rendered":"<p style=\"text-align: center;\"><strong><br \/>\n<\/strong><\/p>\n<p style=\"text-align: center;\"><strong><br \/>\n<\/strong><strong style=\"text-align: -webkit-auto;\">&#8220;O CAVALO FAZ AMIGOS\u201d<\/strong><\/p>\n<p>O Haras da Esperan\u00e7a ( Pampa) LB da Esperan\u00e7a (Machador) estar\u00e1 fazendo o lan\u00e7amento de seu site\u00a0<a href=\"http:\/\/www.haraslbesperanca.com.br\/\" target=\"_blank\">www.haraslbesperanca.com.br<\/a> na pr\u00f3xima ter\u00e7a feira \u00e0s 20:00 hs na sede do N\u00facleo Baiano de Criadores de Cavalos Pampa, no parque de Exposi\u00e7\u00f5es de Salvador, onde voc\u00ea \u00e9 o nosso convidado especial.<\/p>\n<p>Em parceria com a ag\u00eancia Web Bahia o nosso site ser\u00e1 lan\u00e7ado com funcionalidades din\u00e2micas, tornando a atualiza\u00e7\u00e3o do site mais \u00e1gil.<\/p>\n<p>A inten\u00e7\u00e3o foi criar um site cuja navega\u00e7\u00e3o fosse simples e f\u00e1cil. Para isso, a p\u00e1gina inicial apresenta links para todas as se\u00e7\u00f5es.<\/p>\n<p>Venha participar do lan\u00e7amento\u00a0e\u00a0aproveitar para conhecer os animais que estaremos vendendo no 8\u00ba Leil\u00e3o Cavalos Pampa dia 30 de novembro \u00e0s 20:00 hs na Fenagro.<\/p>\n<p style=\"text-align: center;\"><strong>LEONARDO MATOS<\/strong><\/p>\n<p style=\"text-align: center;\"><strong>HARAS LB DA ESPERAN\u00c7A<\/strong><\/p>\n<p style=\"text-align: center;\"><strong>MANGALARGA MACHADOR E PAMPA<\/strong><\/p>\n<p style=\"text-align: center;\"><strong>ITAPETINGA &#8211; BA<\/strong><\/p>\n<p style=\"text-align: center;\"><strong>(71)9941-7640\/9127-2657<\/strong><\/p>\n<p style=\"text-align: center;\"><strong><a href=\"http:\/\/www.haraslbesperanca.com.br\/\" target=\"_blank\">www.haraslbesperanca.com.br<\/a><\/strong><\/p>\n","protected":false},"excerpt":{"rendered":"<p>&#8220;O CAVALO FAZ AMIGOS\u201d O Haras da Esperan\u00e7a ( Pampa) LB da Esperan\u00e7a (Machador) estar\u00e1 fazendo o lan\u00e7amento de seu site\u00a0www.haraslbesperanca.com.br na pr\u00f3xima ter\u00e7a feira \u00e0s 20:00 hs na sede do N\u00facleo Baiano de Criadores de Cavalos Pampa, no parque de Exposi\u00e7\u00f5es de Salvador, onde voc\u00ea \u00e9 o nosso convidado especial. Em parceria com a [&hellip;]<\/p>\n","protected":false},"author":2,"featured_media":0,"comment_status":"open","ping_status":"open","sticky":false,"template":"","format":"standard","meta":{"footnotes":"","_links_to":"","_links_to_target":""},"categories":[1],"tags":[],"class_list":["post-10809","post","type-post","status-publish","format-standard","hentry","category-geral"],"views":1259,"_links":{"self":[{"href":"https:\/\/www.sudoestehoje.com.br\/novoportal\/wp-json\/wp\/v2\/posts\/10809","targetHints":{"allow":["GET"]}}],"collection":[{"href":"https:\/\/www.sudoestehoje.com.br\/novoportal\/wp-json\/wp\/v2\/posts"}],"about":[{"href":"https:\/\/www.sudoestehoje.com.br\/novoportal\/wp-json\/wp\/v2\/types\/post"}],"author":[{"embeddable":true,"href":"https:\/\/www.sudoestehoje.com.br\/novoportal\/wp-json\/wp\/v2\/users\/2"}],"replies":[{"embeddable":true,"href":"https:\/\/www.sudoestehoje.com.br\/novoportal\/wp-json\/wp\/v2\/comments?post=10809"}],"version-history":[{"count":8,"href":"https:\/\/www.sudoestehoje.com.br\/novoportal\/wp-json\/wp\/v2\/posts\/10809\/revisions"}],"predecessor-version":[{"id":10817,"href":"https:\/\/www.sudoestehoje.com.br\/novoportal\/wp-json\/wp\/v2\/posts\/10809\/revisions\/10817"}],"wp:attachment":[{"href":"https:\/\/www.sudoestehoje.com.br\/novoportal\/wp-json\/wp\/v2\/media?parent=10809"}],"wp:term":[{"taxonomy":"category","embeddable":true,"href":"https:\/\/www.sudoestehoje.com.br\/novoportal\/wp-json\/wp\/v2\/categories?post=10809"},{"taxonomy":"post_tag","embeddable":true,"href":"https:\/\/www.sudoestehoje.com.br\/novoportal\/wp-json\/wp\/v2\/tags?post=10809"}],"curies":[{"name":"wp","href":"https:\/\/api.w.org\/{rel}","templated":true}]}}