
{"id":108079,"date":"2023-02-27T11:38:12","date_gmt":"2023-02-27T14:38:12","guid":{"rendered":"https:\/\/www.sudoestehoje.com.br\/novoportal\/?p=108079"},"modified":"2023-02-27T11:41:08","modified_gmt":"2023-02-27T14:41:08","slug":"regiao-carreta-carregada-de-porcos-tomba-na-rio-bahia-e-e-saqueada-por-moradores","status":"publish","type":"post","link":"https:\/\/www.sudoestehoje.com.br\/novoportal\/2023\/02\/27\/regiao-carreta-carregada-de-porcos-tomba-na-rio-bahia-e-e-saqueada-por-moradores\/","title":{"rendered":"ENCRUZILHADA | CARRETA CARREGADA COM PORCOS TOMBA NA RIO-BAHIA E \u00c9 SAQUEADA POR MORADORES"},"content":{"rendered":"<p><a href=\"https:\/\/www.sudoestehoje.com.br\/novoportal\/wp-content\/uploads\/2023\/02\/9222-achei-sudoeste-carreta-carregada-com-porcos-tomba-na-br-116-em-encruzilhada.webp\"><img loading=\"lazy\" decoding=\"async\" class=\"aligncenter size-medium wp-image-108080\" src=\"https:\/\/www.sudoestehoje.com.br\/novoportal\/wp-content\/uploads\/2023\/02\/9222-achei-sudoeste-carreta-carregada-com-porcos-tomba-na-br-116-em-encruzilhada-500x327.webp\" alt=\"\" width=\"500\" height=\"327\" srcset=\"https:\/\/www.sudoestehoje.com.br\/novoportal\/wp-content\/uploads\/2023\/02\/9222-achei-sudoeste-carreta-carregada-com-porcos-tomba-na-br-116-em-encruzilhada-500x327.webp 500w, https:\/\/www.sudoestehoje.com.br\/novoportal\/wp-content\/uploads\/2023\/02\/9222-achei-sudoeste-carreta-carregada-com-porcos-tomba-na-br-116-em-encruzilhada-700x458.webp 700w, https:\/\/www.sudoestehoje.com.br\/novoportal\/wp-content\/uploads\/2023\/02\/9222-achei-sudoeste-carreta-carregada-com-porcos-tomba-na-br-116-em-encruzilhada.webp 750w\" sizes=\"auto, (max-width: 500px) 100vw, 500px\" \/><\/a><\/p>\n<p><strong>Uma carreta carregada com porcos vivos tombou, na BR-116, pr\u00f3ximo ao munic\u00edpio de <em>Encruzilhada<\/em>, no sudoeste da Bahia, e os animais foram saqueados por moradores da regi\u00e3o, no domingo (27).<\/strong><\/p>\n<p><strong> Segundo informa\u00e7\u00f5es da concession\u00e1ria ViaBahia, respons\u00e1vel pela administra\u00e7\u00e3o do trecho da rodovia, o motorista Jos\u00e9 Linaldo Nascimento teve les\u00f5es leves e foi liberado ap\u00f3s o acidente. <\/strong><\/p>\n<p><strong>J\u00e1 o homem que estava no carona, identificado como Ronaldo Reis da Silva, teve ferimentos graves. Ele foi levado para o Hospital de C\u00e2ndido Sales e depois encaminhado ao Hospital Geral de Vit\u00f3ria da Conquista. <\/strong><\/p>\n<p><strong>De acordo com o G1, o acidente aconteceu por volta das 8h e a rodovia ficou parcialmente interditada por duas horas.<\/strong><\/p>\n","protected":false},"excerpt":{"rendered":"<p>Uma carreta carregada com porcos vivos tombou, na BR-116, pr\u00f3ximo ao munic\u00edpio de Encruzilhada, no sudoeste da Bahia, e os animais foram saqueados por moradores da regi\u00e3o, no domingo (27). Segundo informa\u00e7\u00f5es da concession\u00e1ria ViaBahia, respons\u00e1vel pela administra\u00e7\u00e3o do trecho da rodovia, o motorista Jos\u00e9 Linaldo Nascimento teve les\u00f5es leves e foi liberado ap\u00f3s o [&hellip;]<\/p>\n","protected":false},"author":2,"featured_media":108080,"comment_status":"open","ping_status":"open","sticky":false,"template":"","format":"standard","meta":{"footnotes":"","_links_to":"","_links_to_target":""},"categories":[1],"tags":[],"class_list":["post-108079","post","type-post","status-publish","format-standard","has-post-thumbnail","hentry","category-geral"],"views":563,"_links":{"self":[{"href":"https:\/\/www.sudoestehoje.com.br\/novoportal\/wp-json\/wp\/v2\/posts\/108079","targetHints":{"allow":["GET"]}}],"collection":[{"href":"https:\/\/www.sudoestehoje.com.br\/novoportal\/wp-json\/wp\/v2\/posts"}],"about":[{"href":"https:\/\/www.sudoestehoje.com.br\/novoportal\/wp-json\/wp\/v2\/types\/post"}],"author":[{"embeddable":true,"href":"https:\/\/www.sudoestehoje.com.br\/novoportal\/wp-json\/wp\/v2\/users\/2"}],"replies":[{"embeddable":true,"href":"https:\/\/www.sudoestehoje.com.br\/novoportal\/wp-json\/wp\/v2\/comments?post=108079"}],"version-history":[{"count":3,"href":"https:\/\/www.sudoestehoje.com.br\/novoportal\/wp-json\/wp\/v2\/posts\/108079\/revisions"}],"predecessor-version":[{"id":108083,"href":"https:\/\/www.sudoestehoje.com.br\/novoportal\/wp-json\/wp\/v2\/posts\/108079\/revisions\/108083"}],"wp:featuredmedia":[{"embeddable":true,"href":"https:\/\/www.sudoestehoje.com.br\/novoportal\/wp-json\/wp\/v2\/media\/108080"}],"wp:attachment":[{"href":"https:\/\/www.sudoestehoje.com.br\/novoportal\/wp-json\/wp\/v2\/media?parent=108079"}],"wp:term":[{"taxonomy":"category","embeddable":true,"href":"https:\/\/www.sudoestehoje.com.br\/novoportal\/wp-json\/wp\/v2\/categories?post=108079"},{"taxonomy":"post_tag","embeddable":true,"href":"https:\/\/www.sudoestehoje.com.br\/novoportal\/wp-json\/wp\/v2\/tags?post=108079"}],"curies":[{"name":"wp","href":"https:\/\/api.w.org\/{rel}","templated":true}]}}