
{"id":108074,"date":"2023-02-27T09:36:56","date_gmt":"2023-02-27T12:36:56","guid":{"rendered":"https:\/\/www.sudoestehoje.com.br\/novoportal\/?p=108074"},"modified":"2023-02-27T09:36:56","modified_gmt":"2023-02-27T12:36:56","slug":"cidades-do-norte-da-bahia-registram-fortes-tremores-de-terra","status":"publish","type":"post","link":"https:\/\/www.sudoestehoje.com.br\/novoportal\/2023\/02\/27\/cidades-do-norte-da-bahia-registram-fortes-tremores-de-terra\/","title":{"rendered":"CIDADES DO NORTE DA BAHIA REGISTRAM FORTES TREMORES DE TERRA"},"content":{"rendered":"<p><a href=\"https:\/\/www.sudoestehoje.com.br\/novoportal\/wp-content\/uploads\/2023\/02\/Jacobina-Bahia-2-600x400-1.webp\"><img loading=\"lazy\" decoding=\"async\" class=\"aligncenter size-medium wp-image-108076\" src=\"https:\/\/www.sudoestehoje.com.br\/novoportal\/wp-content\/uploads\/2023\/02\/Jacobina-Bahia-2-600x400-1-500x333.webp\" alt=\"\" width=\"500\" height=\"333\" srcset=\"https:\/\/www.sudoestehoje.com.br\/novoportal\/wp-content\/uploads\/2023\/02\/Jacobina-Bahia-2-600x400-1-500x333.webp 500w, https:\/\/www.sudoestehoje.com.br\/novoportal\/wp-content\/uploads\/2023\/02\/Jacobina-Bahia-2-600x400-1.webp 600w\" sizes=\"auto, (max-width: 500px) 100vw, 500px\" \/><\/a><\/p>\n<p><strong>Os munic\u00edpios de Jacobina, no Piemonte da Diamantina; Araci, na regi\u00e3o sisaleira; e Cura\u00e7\u00e1, no Sert\u00e3o do S\u00e3o Francisco, todos no interior da\u00a0<a href=\"https:\/\/www.metropoles.com\/tag\/bahia\" target=\"_blank\" rel=\"noopener\">Bahia<\/a>, registraram\u00a0<a href=\"https:\/\/www.metropoles.com\/tag\/terremoto\" target=\"_blank\" rel=\"noopener\">tremores<\/a>\u00a0de terra de baixa intensidade nesta sexta-feira (24\/2). <\/strong><\/p>\n<p><strong>O abalo com maior for\u00e7a foi registrado em Jacobina, com 2.7 de magnitude, ocorrido por volta das 9h49. Os dados s\u00e3o do\u00a0<a href=\"https:\/\/labsis.ufrn.br\/\" target=\"_blank\" rel=\"noopener\">LabSis<\/a>\u00a0\u2013 Laborat\u00f3rio Sismol\u00f3gico da Universidade Federal do Rio Grande do Norte (UFRN).<\/strong><\/p>\n<p><strong>Mesmo com o tremor acima de 2 n\u00e3o h\u00e1 registro de danos causados tanto a moradores como a im\u00f3veis de Jacobina. Ainda nesta sexta houve um tremor de escala 1.7 em Araci, e outro de 1.6 em Cura\u00e7\u00e1. Em ambos os casos, tamb\u00e9m n\u00e3o h\u00e1 relatos de danos \u00e0s popula\u00e7\u00f5es.<\/strong><\/p>\n","protected":false},"excerpt":{"rendered":"<p>Os munic\u00edpios de Jacobina, no Piemonte da Diamantina; Araci, na regi\u00e3o sisaleira; e Cura\u00e7\u00e1, no Sert\u00e3o do S\u00e3o Francisco, todos no interior da\u00a0Bahia, registraram\u00a0tremores\u00a0de terra de baixa intensidade nesta sexta-feira (24\/2). O abalo com maior for\u00e7a foi registrado em Jacobina, com 2.7 de magnitude, ocorrido por volta das 9h49. Os dados s\u00e3o do\u00a0LabSis\u00a0\u2013 Laborat\u00f3rio Sismol\u00f3gico [&hellip;]<\/p>\n","protected":false},"author":2,"featured_media":108076,"comment_status":"open","ping_status":"open","sticky":false,"template":"","format":"standard","meta":{"footnotes":"","_links_to":"","_links_to_target":""},"categories":[1],"tags":[],"class_list":["post-108074","post","type-post","status-publish","format-standard","has-post-thumbnail","hentry","category-geral"],"views":619,"_links":{"self":[{"href":"https:\/\/www.sudoestehoje.com.br\/novoportal\/wp-json\/wp\/v2\/posts\/108074","targetHints":{"allow":["GET"]}}],"collection":[{"href":"https:\/\/www.sudoestehoje.com.br\/novoportal\/wp-json\/wp\/v2\/posts"}],"about":[{"href":"https:\/\/www.sudoestehoje.com.br\/novoportal\/wp-json\/wp\/v2\/types\/post"}],"author":[{"embeddable":true,"href":"https:\/\/www.sudoestehoje.com.br\/novoportal\/wp-json\/wp\/v2\/users\/2"}],"replies":[{"embeddable":true,"href":"https:\/\/www.sudoestehoje.com.br\/novoportal\/wp-json\/wp\/v2\/comments?post=108074"}],"version-history":[{"count":3,"href":"https:\/\/www.sudoestehoje.com.br\/novoportal\/wp-json\/wp\/v2\/posts\/108074\/revisions"}],"predecessor-version":[{"id":108078,"href":"https:\/\/www.sudoestehoje.com.br\/novoportal\/wp-json\/wp\/v2\/posts\/108074\/revisions\/108078"}],"wp:featuredmedia":[{"embeddable":true,"href":"https:\/\/www.sudoestehoje.com.br\/novoportal\/wp-json\/wp\/v2\/media\/108076"}],"wp:attachment":[{"href":"https:\/\/www.sudoestehoje.com.br\/novoportal\/wp-json\/wp\/v2\/media?parent=108074"}],"wp:term":[{"taxonomy":"category","embeddable":true,"href":"https:\/\/www.sudoestehoje.com.br\/novoportal\/wp-json\/wp\/v2\/categories?post=108074"},{"taxonomy":"post_tag","embeddable":true,"href":"https:\/\/www.sudoestehoje.com.br\/novoportal\/wp-json\/wp\/v2\/tags?post=108074"}],"curies":[{"name":"wp","href":"https:\/\/api.w.org\/{rel}","templated":true}]}}