
{"id":108070,"date":"2023-02-27T08:57:13","date_gmt":"2023-02-27T11:57:13","guid":{"rendered":"https:\/\/www.sudoestehoje.com.br\/novoportal\/?p=108070"},"modified":"2023-02-27T08:57:13","modified_gmt":"2023-02-27T11:57:13","slug":"itapetinga-inicia-aplicacao-da-vacina-bivalente-contra-covid-19-na-quarta","status":"publish","type":"post","link":"https:\/\/www.sudoestehoje.com.br\/novoportal\/2023\/02\/27\/itapetinga-inicia-aplicacao-da-vacina-bivalente-contra-covid-19-na-quarta\/","title":{"rendered":"ITAPETINGA INICIA APLICA\u00c7\u00c3O DA VACINA &#8216;BIVALENTE&#8217; CONTRA COVID-19 NA QUARTA"},"content":{"rendered":"<p><a href=\"https:\/\/www.sudoestehoje.com.br\/novoportal\/wp-content\/uploads\/2023\/02\/image-990x592-1.png\"><img loading=\"lazy\" decoding=\"async\" class=\"aligncenter size-medium wp-image-108071\" src=\"https:\/\/www.sudoestehoje.com.br\/novoportal\/wp-content\/uploads\/2023\/02\/image-990x592-1-500x299.png\" alt=\"\" width=\"500\" height=\"299\" srcset=\"https:\/\/www.sudoestehoje.com.br\/novoportal\/wp-content\/uploads\/2023\/02\/image-990x592-1-500x299.png 500w, https:\/\/www.sudoestehoje.com.br\/novoportal\/wp-content\/uploads\/2023\/02\/image-990x592-1-700x419.png 700w, https:\/\/www.sudoestehoje.com.br\/novoportal\/wp-content\/uploads\/2023\/02\/image-990x592-1-768x459.png 768w, https:\/\/www.sudoestehoje.com.br\/novoportal\/wp-content\/uploads\/2023\/02\/image-990x592-1.png 990w\" sizes=\"auto, (max-width: 500px) 100vw, 500px\" \/><\/a><\/p>\n<p><strong>Itapetinga recebeu, na \u00faltima sexta-feira, 24, o primeiro lote com quase 3000 doses da vacina bivalente contra a Covid-19. Na pr\u00f3xima quarta-feira 01, o munic\u00edpio inicia a primeira fase da vacina\u00e7\u00e3o completa dos grupos priorit\u00e1rios: idosos com 60 anos ou mais, pessoas que vivem em institui\u00e7\u00f5es de longa perman\u00eancia e seus funcion\u00e1rios, gestantes, pu\u00e9rperas, pessoas com defici\u00eancia acima de 12 anos e presos.<\/strong><\/p>\n<p><strong>As doses das vacinas bivalentes estar\u00e3o dispon\u00edveis nos postos de sa\u00fade Guilherme Dias, Idal\u00e9cio Andrade, Clodoaldo Costa, Nova Itapetinga, Vila Riach\u00e3o, Arnaldo Teixeira, Casas Populares e em Bandeira.<\/strong><\/p>\n<p><strong>\u201cDesde o in\u00edcio da vacina\u00e7\u00e3o contra a Covid-19, a prefeitura de Itapetinga tem trabalhado para oferecer solu\u00e7\u00f5es log\u00edsticas \u00e1geis para fazer as vacinas chegarem a todos de forma eficiente, garantindo a imuniza\u00e7\u00e3o da nossa popula\u00e7\u00e3o. A gente reitera a import\u00e2ncia de manter o esquema vacinal atualizado, a fim de evitarmos quadros graves da doen\u00e7a, hospitaliza\u00e7\u00f5es e \u00f3bitos\u201d, explicou a diretora de vigil\u00e2ncia da sa\u00fade, Fabrine Sodr\u00e9.\/\/ Ascom<\/strong><\/p>\n","protected":false},"excerpt":{"rendered":"<p>Itapetinga recebeu, na \u00faltima sexta-feira, 24, o primeiro lote com quase 3000 doses da vacina bivalente contra a Covid-19. Na pr\u00f3xima quarta-feira 01, o munic\u00edpio inicia a primeira fase da vacina\u00e7\u00e3o completa dos grupos priorit\u00e1rios: idosos com 60 anos ou mais, pessoas que vivem em institui\u00e7\u00f5es de longa perman\u00eancia e seus funcion\u00e1rios, gestantes, pu\u00e9rperas, pessoas [&hellip;]<\/p>\n","protected":false},"author":2,"featured_media":108071,"comment_status":"open","ping_status":"open","sticky":false,"template":"","format":"standard","meta":{"footnotes":"","_links_to":"","_links_to_target":""},"categories":[1],"tags":[],"class_list":["post-108070","post","type-post","status-publish","format-standard","has-post-thumbnail","hentry","category-geral"],"views":686,"_links":{"self":[{"href":"https:\/\/www.sudoestehoje.com.br\/novoportal\/wp-json\/wp\/v2\/posts\/108070","targetHints":{"allow":["GET"]}}],"collection":[{"href":"https:\/\/www.sudoestehoje.com.br\/novoportal\/wp-json\/wp\/v2\/posts"}],"about":[{"href":"https:\/\/www.sudoestehoje.com.br\/novoportal\/wp-json\/wp\/v2\/types\/post"}],"author":[{"embeddable":true,"href":"https:\/\/www.sudoestehoje.com.br\/novoportal\/wp-json\/wp\/v2\/users\/2"}],"replies":[{"embeddable":true,"href":"https:\/\/www.sudoestehoje.com.br\/novoportal\/wp-json\/wp\/v2\/comments?post=108070"}],"version-history":[{"count":2,"href":"https:\/\/www.sudoestehoje.com.br\/novoportal\/wp-json\/wp\/v2\/posts\/108070\/revisions"}],"predecessor-version":[{"id":108073,"href":"https:\/\/www.sudoestehoje.com.br\/novoportal\/wp-json\/wp\/v2\/posts\/108070\/revisions\/108073"}],"wp:featuredmedia":[{"embeddable":true,"href":"https:\/\/www.sudoestehoje.com.br\/novoportal\/wp-json\/wp\/v2\/media\/108071"}],"wp:attachment":[{"href":"https:\/\/www.sudoestehoje.com.br\/novoportal\/wp-json\/wp\/v2\/media?parent=108070"}],"wp:term":[{"taxonomy":"category","embeddable":true,"href":"https:\/\/www.sudoestehoje.com.br\/novoportal\/wp-json\/wp\/v2\/categories?post=108070"},{"taxonomy":"post_tag","embeddable":true,"href":"https:\/\/www.sudoestehoje.com.br\/novoportal\/wp-json\/wp\/v2\/tags?post=108070"}],"curies":[{"name":"wp","href":"https:\/\/api.w.org\/{rel}","templated":true}]}}