
{"id":108055,"date":"2023-02-26T11:21:00","date_gmt":"2023-02-26T14:21:00","guid":{"rendered":"https:\/\/www.sudoestehoje.com.br\/novoportal\/?p=108055"},"modified":"2023-02-26T11:21:00","modified_gmt":"2023-02-26T14:21:00","slug":"centro-comercial-esvaziou-no-pos-carnaval","status":"publish","type":"post","link":"https:\/\/www.sudoestehoje.com.br\/novoportal\/2023\/02\/26\/centro-comercial-esvaziou-no-pos-carnaval\/","title":{"rendered":"CENTRO COMERCIAL ESVAZIOU NO P\u00d3S CARNAVAL"},"content":{"rendered":"<p><a href=\"https:\/\/www.sudoestehoje.com.br\/novoportal\/wp-content\/uploads\/2023\/02\/WhatsApp-Image-2023-02-26-at-11.14.23.jpeg\"><img loading=\"lazy\" decoding=\"async\" class=\"aligncenter size-medium wp-image-108058\" src=\"https:\/\/www.sudoestehoje.com.br\/novoportal\/wp-content\/uploads\/2023\/02\/WhatsApp-Image-2023-02-26-at-11.14.23-500x282.jpeg\" alt=\"\" width=\"500\" height=\"282\" srcset=\"https:\/\/www.sudoestehoje.com.br\/novoportal\/wp-content\/uploads\/2023\/02\/WhatsApp-Image-2023-02-26-at-11.14.23-500x282.jpeg 500w, https:\/\/www.sudoestehoje.com.br\/novoportal\/wp-content\/uploads\/2023\/02\/WhatsApp-Image-2023-02-26-at-11.14.23-700x394.jpeg 700w, https:\/\/www.sudoestehoje.com.br\/novoportal\/wp-content\/uploads\/2023\/02\/WhatsApp-Image-2023-02-26-at-11.14.23-768x432.jpeg 768w, https:\/\/www.sudoestehoje.com.br\/novoportal\/wp-content\/uploads\/2023\/02\/WhatsApp-Image-2023-02-26-at-11.14.23-1536x865.jpeg 1536w, https:\/\/www.sudoestehoje.com.br\/novoportal\/wp-content\/uploads\/2023\/02\/WhatsApp-Image-2023-02-26-at-11.14.23.jpeg 1600w\" sizes=\"auto, (max-width: 500px) 100vw, 500px\" \/><\/a><\/p>\n<p><strong>Coma j\u00e1 era de se esperar, o com\u00e9rcio lojista\u00a0 de Itapetinga e cidades da regi\u00e3o sofreu na primeira semana p\u00f3s feriad\u00e3o do Carnaval, com as vendas praticamente zeradas.<\/strong><\/p>\n<p><strong>No setor de alimentos, entretanto, a movimenta\u00e7\u00e3o foi boa nos supermercados e fraca nas feiras livres, muito abaixo do normal. O consumidor que gastou muito com as festas e viagens, agora aperta o cinto para pagar a fatura do cart\u00e3o.\u00a0<\/strong><\/p>\n<p><strong>A tend\u00eancia para o primeiro semestre \u00e9 de queda nas vendas no com\u00e9rcio, devendo voltar a aquecer nos per\u00edodos da Exposi\u00e7\u00e3o Agropecu\u00e1ria, que acontecer\u00e1 em maio, e no tradicional S\u00e3o Jo\u00e3o, no final de junho.<\/strong><\/p>\n<p><strong>At\u00e9 l\u00e1, \u00e9 bola pra frente&#8230;<\/strong><\/p>\n<p><strong><em>Por Davi Ferraz\u00a0<\/em><\/strong><\/p>\n","protected":false},"excerpt":{"rendered":"<p>Coma j\u00e1 era de se esperar, o com\u00e9rcio lojista\u00a0 de Itapetinga e cidades da regi\u00e3o sofreu na primeira semana p\u00f3s feriad\u00e3o do Carnaval, com as vendas praticamente zeradas. No setor de alimentos, entretanto, a movimenta\u00e7\u00e3o foi boa nos supermercados e fraca nas feiras livres, muito abaixo do normal. O consumidor que gastou muito com as [&hellip;]<\/p>\n","protected":false},"author":2,"featured_media":108058,"comment_status":"open","ping_status":"open","sticky":false,"template":"","format":"standard","meta":{"footnotes":"","_links_to":"","_links_to_target":""},"categories":[1],"tags":[],"class_list":["post-108055","post","type-post","status-publish","format-standard","has-post-thumbnail","hentry","category-geral"],"views":696,"_links":{"self":[{"href":"https:\/\/www.sudoestehoje.com.br\/novoportal\/wp-json\/wp\/v2\/posts\/108055","targetHints":{"allow":["GET"]}}],"collection":[{"href":"https:\/\/www.sudoestehoje.com.br\/novoportal\/wp-json\/wp\/v2\/posts"}],"about":[{"href":"https:\/\/www.sudoestehoje.com.br\/novoportal\/wp-json\/wp\/v2\/types\/post"}],"author":[{"embeddable":true,"href":"https:\/\/www.sudoestehoje.com.br\/novoportal\/wp-json\/wp\/v2\/users\/2"}],"replies":[{"embeddable":true,"href":"https:\/\/www.sudoestehoje.com.br\/novoportal\/wp-json\/wp\/v2\/comments?post=108055"}],"version-history":[{"count":6,"href":"https:\/\/www.sudoestehoje.com.br\/novoportal\/wp-json\/wp\/v2\/posts\/108055\/revisions"}],"predecessor-version":[{"id":108062,"href":"https:\/\/www.sudoestehoje.com.br\/novoportal\/wp-json\/wp\/v2\/posts\/108055\/revisions\/108062"}],"wp:featuredmedia":[{"embeddable":true,"href":"https:\/\/www.sudoestehoje.com.br\/novoportal\/wp-json\/wp\/v2\/media\/108058"}],"wp:attachment":[{"href":"https:\/\/www.sudoestehoje.com.br\/novoportal\/wp-json\/wp\/v2\/media?parent=108055"}],"wp:term":[{"taxonomy":"category","embeddable":true,"href":"https:\/\/www.sudoestehoje.com.br\/novoportal\/wp-json\/wp\/v2\/categories?post=108055"},{"taxonomy":"post_tag","embeddable":true,"href":"https:\/\/www.sudoestehoje.com.br\/novoportal\/wp-json\/wp\/v2\/tags?post=108055"}],"curies":[{"name":"wp","href":"https:\/\/api.w.org\/{rel}","templated":true}]}}