
{"id":10805,"date":"2011-11-29T08:39:35","date_gmt":"2011-11-29T11:39:35","guid":{"rendered":"http:\/\/www.sudoestehoje.com.br\/novoportal\/?p=10805"},"modified":"2011-11-29T08:39:35","modified_gmt":"2011-11-29T11:39:35","slug":"policia-federal-retorna-a-ibicoara-para-investigar-prefeita","status":"publish","type":"post","link":"https:\/\/www.sudoestehoje.com.br\/novoportal\/2011\/11\/29\/policia-federal-retorna-a-ibicoara-para-investigar-prefeita\/","title":{"rendered":"POL\u00cdCIA FEDERAL RETORNA A IBICOARA PARA INVESTIGAR PREFEITA"},"content":{"rendered":"<p style=\"text-align: center;\"><img decoding=\"async\" class=\"aligncenter\" src=\"http:\/\/3.bp.blogspot.com\/-1Bu9BB_OhoU\/TtQUuZUDMCI\/AAAAAAAABIE\/z1zCVmsms0E\/s320\/images.jpeg\" alt=\"\" width=\"300\" \/><\/p>\n<div>\n<p style=\"text-align: center;\"><em><strong>Prefeita \u00a0Sandra Vidal (PCdoB) \u00e9 acusada de intimidar agentes federais<\/strong><\/em><\/p>\n<p>IBICOARA: Agentes da Pol\u00edcia Federal de Vit\u00f3ria da Conquista se deslocaram na manh\u00e3 desta segunda-feira, 28 de novembro, para o munic\u00edpio de Ibicoara, regi\u00e3o da Chapada Diamantina. A prefeita de Ibicoara \u00e9 alvo de investiga\u00e7\u00e3o da Pol\u00edcia Federal, na Opera\u00e7\u00e3o Carcar\u00e1 da Bahia, contra desvio de verbas federais e fraude em licita\u00e7\u00f5es.<\/p>\n<\/div>\n<p>A PF cumpriu no final do ano passado mandados de busca e apreens\u00e3o na cidade governada pela prefeita Sandra Vidal (PCdoB) que foi interrompida no \u00faltimo m\u00eas de outubro, ap\u00f3s uma abordagem da Pol\u00edcia Militar, que resultou na pris\u00e3o tempor\u00e1ria de sete policiais. <em>\u201cInfelizmente tentaram nos atrapalhar na \u00faltima semana, mas retomamos as investiga\u00e7\u00f5es na manh\u00e3 desta segunda-feira\u201d<\/em>, disse o delegado que n\u00e3o quis entrar em detalhes devido ao zelo com que a corpora\u00e7\u00e3o tem tratado o assunto.<\/p>\n<p>Segundo o Delegado da Pol\u00edcia Federal, agentes ocupam o F\u00f3rum de Barra da Estiva, cidade vizinha \u00e0 Ibicoara, onde est\u00e3o sendo realizadas oitivas para a conclus\u00e3o do inqu\u00e9rito, informou Victor Menezes.\u00a0<em>Os policiais federais v\u00e3o ficar alguns dias em Ibicoara, para realizar essas investiga\u00e7\u00f5es e, infelizmente, tivemos que ir com um efetivo ainda maior para n\u00e3o sofrermos qualquer tipo de intimida\u00e7\u00e3o por parta da gest\u00e3o municipal<\/em>, disse Menezes. <em><strong>Folha do Vale<\/strong><\/em><\/p>\n","protected":false},"excerpt":{"rendered":"<p>Prefeita \u00a0Sandra Vidal (PCdoB) \u00e9 acusada de intimidar agentes federais IBICOARA: Agentes da Pol\u00edcia Federal de Vit\u00f3ria da Conquista se deslocaram na manh\u00e3 desta segunda-feira, 28 de novembro, para o munic\u00edpio de Ibicoara, regi\u00e3o da Chapada Diamantina. A prefeita de Ibicoara \u00e9 alvo de investiga\u00e7\u00e3o da Pol\u00edcia Federal, na Opera\u00e7\u00e3o Carcar\u00e1 da Bahia, contra desvio [&hellip;]<\/p>\n","protected":false},"author":2,"featured_media":0,"comment_status":"open","ping_status":"open","sticky":false,"template":"","format":"standard","meta":{"footnotes":"","_links_to":"","_links_to_target":""},"categories":[1],"tags":[],"class_list":["post-10805","post","type-post","status-publish","format-standard","hentry","category-geral"],"views":1835,"_links":{"self":[{"href":"https:\/\/www.sudoestehoje.com.br\/novoportal\/wp-json\/wp\/v2\/posts\/10805","targetHints":{"allow":["GET"]}}],"collection":[{"href":"https:\/\/www.sudoestehoje.com.br\/novoportal\/wp-json\/wp\/v2\/posts"}],"about":[{"href":"https:\/\/www.sudoestehoje.com.br\/novoportal\/wp-json\/wp\/v2\/types\/post"}],"author":[{"embeddable":true,"href":"https:\/\/www.sudoestehoje.com.br\/novoportal\/wp-json\/wp\/v2\/users\/2"}],"replies":[{"embeddable":true,"href":"https:\/\/www.sudoestehoje.com.br\/novoportal\/wp-json\/wp\/v2\/comments?post=10805"}],"version-history":[{"count":3,"href":"https:\/\/www.sudoestehoje.com.br\/novoportal\/wp-json\/wp\/v2\/posts\/10805\/revisions"}],"predecessor-version":[{"id":10808,"href":"https:\/\/www.sudoestehoje.com.br\/novoportal\/wp-json\/wp\/v2\/posts\/10805\/revisions\/10808"}],"wp:attachment":[{"href":"https:\/\/www.sudoestehoje.com.br\/novoportal\/wp-json\/wp\/v2\/media?parent=10805"}],"wp:term":[{"taxonomy":"category","embeddable":true,"href":"https:\/\/www.sudoestehoje.com.br\/novoportal\/wp-json\/wp\/v2\/categories?post=10805"},{"taxonomy":"post_tag","embeddable":true,"href":"https:\/\/www.sudoestehoje.com.br\/novoportal\/wp-json\/wp\/v2\/tags?post=10805"}],"curies":[{"name":"wp","href":"https:\/\/api.w.org\/{rel}","templated":true}]}}