
{"id":108044,"date":"2023-02-24T23:36:23","date_gmt":"2023-02-25T02:36:23","guid":{"rendered":"https:\/\/www.sudoestehoje.com.br\/novoportal\/?p=108044"},"modified":"2023-02-24T23:36:23","modified_gmt":"2023-02-25T02:36:23","slug":"itapetinga-luciano-almeida-acompanha-servicos-de-requalificacao-da-lagoa","status":"publish","type":"post","link":"https:\/\/www.sudoestehoje.com.br\/novoportal\/2023\/02\/24\/itapetinga-luciano-almeida-acompanha-servicos-de-requalificacao-da-lagoa\/","title":{"rendered":"ITAPETINGA | LUCIANO ALMEIDA ACOMPANHA SERVI\u00c7OS DE REQUALIFICA\u00c7\u00c3O DA LAGOA"},"content":{"rendered":"<p><a href=\"https:\/\/www.sudoestehoje.com.br\/novoportal\/wp-content\/uploads\/2023\/02\/WhatsApp-Image-2023-02-24-at-23.25.04.jpeg\"><img loading=\"lazy\" decoding=\"async\" class=\"aligncenter size-medium wp-image-108046\" src=\"https:\/\/www.sudoestehoje.com.br\/novoportal\/wp-content\/uploads\/2023\/02\/WhatsApp-Image-2023-02-24-at-23.25.04-500x282.jpeg\" alt=\"\" width=\"500\" height=\"282\" srcset=\"https:\/\/www.sudoestehoje.com.br\/novoportal\/wp-content\/uploads\/2023\/02\/WhatsApp-Image-2023-02-24-at-23.25.04-500x282.jpeg 500w, https:\/\/www.sudoestehoje.com.br\/novoportal\/wp-content\/uploads\/2023\/02\/WhatsApp-Image-2023-02-24-at-23.25.04-700x394.jpeg 700w, https:\/\/www.sudoestehoje.com.br\/novoportal\/wp-content\/uploads\/2023\/02\/WhatsApp-Image-2023-02-24-at-23.25.04-768x432.jpeg 768w, https:\/\/www.sudoestehoje.com.br\/novoportal\/wp-content\/uploads\/2023\/02\/WhatsApp-Image-2023-02-24-at-23.25.04-1536x865.jpeg 1536w, https:\/\/www.sudoestehoje.com.br\/novoportal\/wp-content\/uploads\/2023\/02\/WhatsApp-Image-2023-02-24-at-23.25.04.jpeg 1600w\" sizes=\"auto, (max-width: 500px) 100vw, 500px\" \/><\/a><\/p>\n<p><strong>Na manh\u00e3 desta sexta-feira (24), o secret\u00e1rio municipal do Meio Ambiente, Luciano Almeida, acompanhou a sua equipe de jardinagem nos trabalhos de requalifica\u00e7\u00e3o do canteiro central da Av. Cinquenten\u00e1rio, no per\u00edmetro do Parque Poliesportivo da Lagoa, durante o plantio de palmeiras decorativas no local.<\/strong><\/p>\n<p><strong>Acompanhado da sua assessoria, Luciano &#8216;colocou a m\u00e3o na terra&#8217;, orientando a equipe e participando do plantio das mudas.<\/strong><\/p>\n<p><strong>Luciano Almeida foi eleito vereador nas \u00faltimas elei\u00e7\u00f5es municipais, pelo MDB, mas se licenciou do mandato para assumir o comando da Secretaria do Meio Ambiente, a convite do prefeito Rodrigo Hagge.<\/strong><\/p>\n<p><strong>Nos bastidores pol\u00edticos, o nome de Luciano figura entre os mais cotados para suceder o prefeito Rodrigo Hagge, nas elei\u00e7\u00f5es de 2024.<\/strong><\/p>\n<p><strong>Trabalho pra ele n\u00e3o \u00e9 problema&#8230;<\/strong><\/p>\n\n\t\t<style type=\"text\/css\">\n\t\t\t#gallery-1 {\n\t\t\t\tmargin: auto;\n\t\t\t}\n\t\t\t#gallery-1 .gallery-item {\n\t\t\t\tfloat: left;\n\t\t\t\tmargin-top: 10px;\n\t\t\t\ttext-align: center;\n\t\t\t\twidth: 33%;\n\t\t\t}\n\t\t\t#gallery-1 img {\n\t\t\t\tborder: 2px solid #cfcfcf;\n\t\t\t}\n\t\t\t#gallery-1 .gallery-caption {\n\t\t\t\tmargin-left: 0;\n\t\t\t}\n\t\t\t\/* see gallery_shortcode() in wp-includes\/media.php *\/\n\t\t<\/style>\n\t\t<div id='gallery-1' class='gallery galleryid-108044 gallery-columns-3 gallery-size-thumbnail'><dl class='gallery-item'>\n\t\t\t<dt class='gallery-icon landscape'>\n\t\t\t\t<a href='https:\/\/www.sudoestehoje.com.br\/novoportal\/2023\/02\/24\/itapetinga-luciano-almeida-acompanha-servicos-de-requalificacao-da-lagoa\/whatsapp-image-2023-02-24-at-23-30-52-1\/'><img loading=\"lazy\" decoding=\"async\" width=\"150\" height=\"150\" src=\"https:\/\/www.sudoestehoje.com.br\/novoportal\/wp-content\/uploads\/2023\/02\/WhatsApp-Image-2023-02-24-at-23.30.52-1-150x150.jpeg\" class=\"attachment-thumbnail size-thumbnail\" alt=\"\" \/><\/a>\n\t\t\t<\/dt><\/dl><dl class='gallery-item'>\n\t\t\t<dt class='gallery-icon landscape'>\n\t\t\t\t<a href='https:\/\/www.sudoestehoje.com.br\/novoportal\/2023\/02\/24\/itapetinga-luciano-almeida-acompanha-servicos-de-requalificacao-da-lagoa\/whatsapp-image-2023-02-24-at-23-30-52-2\/'><img loading=\"lazy\" decoding=\"async\" width=\"150\" height=\"150\" src=\"https:\/\/www.sudoestehoje.com.br\/novoportal\/wp-content\/uploads\/2023\/02\/WhatsApp-Image-2023-02-24-at-23.30.52-2-150x150.jpeg\" class=\"attachment-thumbnail size-thumbnail\" alt=\"\" \/><\/a>\n\t\t\t<\/dt><\/dl><dl class='gallery-item'>\n\t\t\t<dt class='gallery-icon landscape'>\n\t\t\t\t<a href='https:\/\/www.sudoestehoje.com.br\/novoportal\/2023\/02\/24\/itapetinga-luciano-almeida-acompanha-servicos-de-requalificacao-da-lagoa\/whatsapp-image-2023-02-24-at-23-30-52\/'><img loading=\"lazy\" decoding=\"async\" width=\"150\" height=\"150\" src=\"https:\/\/www.sudoestehoje.com.br\/novoportal\/wp-content\/uploads\/2023\/02\/WhatsApp-Image-2023-02-24-at-23.30.52-150x150.jpeg\" class=\"attachment-thumbnail size-thumbnail\" alt=\"\" \/><\/a>\n\t\t\t<\/dt><\/dl><br style=\"clear: both\" \/>\n\t\t<\/div>\n\n<p><strong><em>Por Davi Ferraz\u00a0<\/em><\/strong><\/p>\n","protected":false},"excerpt":{"rendered":"<p>Na manh\u00e3 desta sexta-feira (24), o secret\u00e1rio municipal do Meio Ambiente, Luciano Almeida, acompanhou a sua equipe de jardinagem nos trabalhos de requalifica\u00e7\u00e3o do canteiro central da Av. Cinquenten\u00e1rio, no per\u00edmetro do Parque Poliesportivo da Lagoa, durante o plantio de palmeiras decorativas no local. Acompanhado da sua assessoria, Luciano &#8216;colocou a m\u00e3o na terra&#8217;, orientando [&hellip;]<\/p>\n","protected":false},"author":2,"featured_media":108046,"comment_status":"open","ping_status":"open","sticky":false,"template":"","format":"standard","meta":{"footnotes":"","_links_to":"","_links_to_target":""},"categories":[1],"tags":[],"class_list":["post-108044","post","type-post","status-publish","format-standard","has-post-thumbnail","hentry","category-geral"],"views":1006,"_links":{"self":[{"href":"https:\/\/www.sudoestehoje.com.br\/novoportal\/wp-json\/wp\/v2\/posts\/108044","targetHints":{"allow":["GET"]}}],"collection":[{"href":"https:\/\/www.sudoestehoje.com.br\/novoportal\/wp-json\/wp\/v2\/posts"}],"about":[{"href":"https:\/\/www.sudoestehoje.com.br\/novoportal\/wp-json\/wp\/v2\/types\/post"}],"author":[{"embeddable":true,"href":"https:\/\/www.sudoestehoje.com.br\/novoportal\/wp-json\/wp\/v2\/users\/2"}],"replies":[{"embeddable":true,"href":"https:\/\/www.sudoestehoje.com.br\/novoportal\/wp-json\/wp\/v2\/comments?post=108044"}],"version-history":[{"count":3,"href":"https:\/\/www.sudoestehoje.com.br\/novoportal\/wp-json\/wp\/v2\/posts\/108044\/revisions"}],"predecessor-version":[{"id":108052,"href":"https:\/\/www.sudoestehoje.com.br\/novoportal\/wp-json\/wp\/v2\/posts\/108044\/revisions\/108052"}],"wp:featuredmedia":[{"embeddable":true,"href":"https:\/\/www.sudoestehoje.com.br\/novoportal\/wp-json\/wp\/v2\/media\/108046"}],"wp:attachment":[{"href":"https:\/\/www.sudoestehoje.com.br\/novoportal\/wp-json\/wp\/v2\/media?parent=108044"}],"wp:term":[{"taxonomy":"category","embeddable":true,"href":"https:\/\/www.sudoestehoje.com.br\/novoportal\/wp-json\/wp\/v2\/categories?post=108044"},{"taxonomy":"post_tag","embeddable":true,"href":"https:\/\/www.sudoestehoje.com.br\/novoportal\/wp-json\/wp\/v2\/tags?post=108044"}],"curies":[{"name":"wp","href":"https:\/\/api.w.org\/{rel}","templated":true}]}}