
{"id":108035,"date":"2023-02-24T10:33:40","date_gmt":"2023-02-24T13:33:40","guid":{"rendered":"https:\/\/www.sudoestehoje.com.br\/novoportal\/?p=108035"},"modified":"2023-02-24T10:35:12","modified_gmt":"2023-02-24T13:35:12","slug":"previa-da-inflacao-em-fevereiro-e-de-quase-1-segundo-ibge-educacao-pesou","status":"publish","type":"post","link":"https:\/\/www.sudoestehoje.com.br\/novoportal\/2023\/02\/24\/previa-da-inflacao-em-fevereiro-e-de-quase-1-segundo-ibge-educacao-pesou\/","title":{"rendered":"PR\u00c9VIA DA INFLA\u00c7\u00c3O DE FEVEREIRO APROXIMA DE 1%; SEGUNDO IBGE EDUCA\u00c7\u00c3O PESOU"},"content":{"rendered":"<p><a href=\"https:\/\/www.sudoestehoje.com.br\/novoportal\/wp-content\/uploads\/2023\/02\/a6103cb8-inflacao-800x450-1.png\"><img loading=\"lazy\" decoding=\"async\" class=\"aligncenter size-medium wp-image-108038\" src=\"https:\/\/www.sudoestehoje.com.br\/novoportal\/wp-content\/uploads\/2023\/02\/a6103cb8-inflacao-800x450-1-500x281.png\" alt=\"\" width=\"500\" height=\"281\" srcset=\"https:\/\/www.sudoestehoje.com.br\/novoportal\/wp-content\/uploads\/2023\/02\/a6103cb8-inflacao-800x450-1-500x281.png 500w, https:\/\/www.sudoestehoje.com.br\/novoportal\/wp-content\/uploads\/2023\/02\/a6103cb8-inflacao-800x450-1-700x394.png 700w, https:\/\/www.sudoestehoje.com.br\/novoportal\/wp-content\/uploads\/2023\/02\/a6103cb8-inflacao-800x450-1-768x432.png 768w, https:\/\/www.sudoestehoje.com.br\/novoportal\/wp-content\/uploads\/2023\/02\/a6103cb8-inflacao-800x450-1.png 800w\" sizes=\"auto, (max-width: 500px) 100vw, 500px\" \/><\/a><\/p>\n<p><strong>O \u00cdndice Nacional de Pre\u00e7os ao Consumidor Amplo 15 (IPCA-15) \u2013 considerado a pr\u00e9via da infla\u00e7\u00e3o oficial do pa\u00eds \u2013 ficou em 0,76% em fevereiro, informou nesta sexta-feira (24) o Instituto Brasileiro de Geografia e Estat\u00edstica (<a href=\"https:\/\/g1.globo.com\/tudo-sobre\/ibge\/\">IBGE<\/a>).<\/strong><\/p>\n<div id=\"chunk-d2a8d\">\n<div class=\"mc-column content-text active-extra-styles \" data-block-type=\"unstyled\" data-block-weight=\"32\" data-block-id=\"5\">\n<p class=\"content-text__container \" data-track-category=\"Link no Texto\" data-track-links=\"\"><strong>O \u00edndice acelerou na compara\u00e7\u00e3o com janeiro, quando\u00a0<a href=\"https:\/\/g1.globo.com\/economia\/noticia\/2023\/01\/24\/ipca-15-previa-da-inflacao-fica-em-055percent-em-janeiro.ghtml\">ficou em 0,55%<\/a>. J\u00e1 o indicador acumulado em 12 meses desacelerou de 5,87% para 5,63%. Em fevereiro de 2022, o IPCA-15 foi de 0,99%.<\/strong><\/p>\n<\/div>\n<\/div>\n<div id=\"chunk-2dkf5\">\n<div class=\"mc-column content-text active-extra-styles \" data-block-type=\"unstyled\" data-block-weight=\"40\" data-block-id=\"6\">\n<p class=\"content-text__container \" data-track-category=\"Link no Texto\" data-track-links=\"\"><strong>De acordo com o IBGE, dentre os nove grupo de produtos e servi\u00e7os pesquisados para composi\u00e7\u00e3o do indicador, oito tiveram alta na compara\u00e7\u00e3o com janeiro. A exce\u00e7\u00e3o ficou por conta do grupo de vestu\u00e1rio, \u00fanico a apresentar defla\u00e7\u00e3o no m\u00eas.<\/strong><\/p>\n<\/div>\n<\/div>\n<div id=\"chunk-bc356\">\n<div class=\"mc-column content-text active-extra-styles \" data-block-type=\"unstyled\" data-block-weight=\"35\" data-block-id=\"7\">\n<p class=\"content-text__container \" data-track-category=\"Link no Texto\" data-track-links=\"\"><strong>O maior impacto sobre a pr\u00e9via da infla\u00e7\u00e3o, no entanto, partiu do grupo de educa\u00e7\u00e3o, que teve alta de 6,41% em rela\u00e7\u00e3o a janeiro, respondendo por 0,36 ponto percentual (p.p) do \u00edndice de fevereiro.<\/strong><\/p>\n<p><span style=\"color: #0000ff;\"><strong><a style=\"color: #0000ff;\" href=\"https:\/\/g1.globo.com\/economia\/noticia\/2023\/02\/24\/ipca-15-previa-da-inflacao-fica-em-076percent-em-fevereiro.ghtml\">CONFIRA MAT\u00c9RIA COMPLETA<\/a><\/strong><\/span><\/p>\n<\/div>\n<\/div>\n","protected":false},"excerpt":{"rendered":"<p>O \u00cdndice Nacional de Pre\u00e7os ao Consumidor Amplo 15 (IPCA-15) \u2013 considerado a pr\u00e9via da infla\u00e7\u00e3o oficial do pa\u00eds \u2013 ficou em 0,76% em fevereiro, informou nesta sexta-feira (24) o Instituto Brasileiro de Geografia e Estat\u00edstica (IBGE). O \u00edndice acelerou na compara\u00e7\u00e3o com janeiro, quando\u00a0ficou em 0,55%. J\u00e1 o indicador acumulado em 12 meses desacelerou [&hellip;]<\/p>\n","protected":false},"author":2,"featured_media":108038,"comment_status":"open","ping_status":"open","sticky":false,"template":"","format":"standard","meta":{"footnotes":"","_links_to":"","_links_to_target":""},"categories":[1],"tags":[],"class_list":["post-108035","post","type-post","status-publish","format-standard","has-post-thumbnail","hentry","category-geral"],"views":568,"_links":{"self":[{"href":"https:\/\/www.sudoestehoje.com.br\/novoportal\/wp-json\/wp\/v2\/posts\/108035","targetHints":{"allow":["GET"]}}],"collection":[{"href":"https:\/\/www.sudoestehoje.com.br\/novoportal\/wp-json\/wp\/v2\/posts"}],"about":[{"href":"https:\/\/www.sudoestehoje.com.br\/novoportal\/wp-json\/wp\/v2\/types\/post"}],"author":[{"embeddable":true,"href":"https:\/\/www.sudoestehoje.com.br\/novoportal\/wp-json\/wp\/v2\/users\/2"}],"replies":[{"embeddable":true,"href":"https:\/\/www.sudoestehoje.com.br\/novoportal\/wp-json\/wp\/v2\/comments?post=108035"}],"version-history":[{"count":4,"href":"https:\/\/www.sudoestehoje.com.br\/novoportal\/wp-json\/wp\/v2\/posts\/108035\/revisions"}],"predecessor-version":[{"id":108040,"href":"https:\/\/www.sudoestehoje.com.br\/novoportal\/wp-json\/wp\/v2\/posts\/108035\/revisions\/108040"}],"wp:featuredmedia":[{"embeddable":true,"href":"https:\/\/www.sudoestehoje.com.br\/novoportal\/wp-json\/wp\/v2\/media\/108038"}],"wp:attachment":[{"href":"https:\/\/www.sudoestehoje.com.br\/novoportal\/wp-json\/wp\/v2\/media?parent=108035"}],"wp:term":[{"taxonomy":"category","embeddable":true,"href":"https:\/\/www.sudoestehoje.com.br\/novoportal\/wp-json\/wp\/v2\/categories?post=108035"},{"taxonomy":"post_tag","embeddable":true,"href":"https:\/\/www.sudoestehoje.com.br\/novoportal\/wp-json\/wp\/v2\/tags?post=108035"}],"curies":[{"name":"wp","href":"https:\/\/api.w.org\/{rel}","templated":true}]}}