
{"id":108027,"date":"2023-02-24T09:47:04","date_gmt":"2023-02-24T12:47:04","guid":{"rendered":"https:\/\/www.sudoestehoje.com.br\/novoportal\/?p=108027"},"modified":"2023-02-24T09:47:04","modified_gmt":"2023-02-24T12:47:04","slug":"desmatamento-na-amazonia-em-fevereiro-e-recorde-desde-2015-segundo-dados-do-impe","status":"publish","type":"post","link":"https:\/\/www.sudoestehoje.com.br\/novoportal\/2023\/02\/24\/desmatamento-na-amazonia-em-fevereiro-e-recorde-desde-2015-segundo-dados-do-impe\/","title":{"rendered":"DESMATAMENTO NA AMAZ\u00d4NIA EM FEVEREIRO \u00c9 RECORDE DESDE 2015, SEGUNDO DADOS DO IMPE"},"content":{"rendered":"<div id=\"chunk-aokdm\">\n<div class=\"mc-column content-text active-extra-styles \" data-block-type=\"unstyled\" data-block-weight=\"19\" data-block-id=\"3\">\n<p data-track-category=\"Link no Texto\" data-track-links=\"\"><a href=\"https:\/\/www.sudoestehoje.com.br\/novoportal\/wp-content\/uploads\/2023\/02\/2023-01-20t024203z-56720984-rc2tty95dmys-rtrmadp-3-brazil-environment.webp\"><img loading=\"lazy\" decoding=\"async\" class=\"aligncenter size-medium wp-image-108028\" src=\"https:\/\/www.sudoestehoje.com.br\/novoportal\/wp-content\/uploads\/2023\/02\/2023-01-20t024203z-56720984-rc2tty95dmys-rtrmadp-3-brazil-environment-500x333.webp\" alt=\"\" width=\"500\" height=\"333\" srcset=\"https:\/\/www.sudoestehoje.com.br\/novoportal\/wp-content\/uploads\/2023\/02\/2023-01-20t024203z-56720984-rc2tty95dmys-rtrmadp-3-brazil-environment-500x333.webp 500w, https:\/\/www.sudoestehoje.com.br\/novoportal\/wp-content\/uploads\/2023\/02\/2023-01-20t024203z-56720984-rc2tty95dmys-rtrmadp-3-brazil-environment-700x467.webp 700w, https:\/\/www.sudoestehoje.com.br\/novoportal\/wp-content\/uploads\/2023\/02\/2023-01-20t024203z-56720984-rc2tty95dmys-rtrmadp-3-brazil-environment-768x512.webp 768w, https:\/\/www.sudoestehoje.com.br\/novoportal\/wp-content\/uploads\/2023\/02\/2023-01-20t024203z-56720984-rc2tty95dmys-rtrmadp-3-brazil-environment.webp 1008w\" sizes=\"auto, (max-width: 500px) 100vw, 500px\" \/><\/a><\/p>\n<p class=\"content-text__container \" data-track-category=\"Link no Texto\" data-track-links=\"\"><strong>Fevereiro ainda n\u00e3o terminou e os alertas de desmatamento na Amaz\u00f4nia Legal j\u00e1 bateram recorde para o m\u00eas. Os dados, divulgados pelo Instituto de Pesquisas Espaciais (<a href=\"https:\/\/g1.globo.com\/tudo-sobre\/inpe\/\">Inpe<\/a>), apontam que 209 km\u00b2 foram desmatados at\u00e9 o dia 17 de fevereiro &#8211; a maior marca para o m\u00eas em toda a s\u00e9rie hist\u00f3rica, iniciada em 2015.<\/strong><\/p>\n<div id=\"chunk-7p96u\">\n<div class=\"mc-column content-text active-extra-styles \" data-block-type=\"unstyled\" data-block-weight=\"53\" data-block-id=\"8\">\n<p class=\"content-text__container \" data-track-category=\"Link no Texto\" data-track-links=\"\"><strong>Os alertas s\u00e3o feitos pelo Sistema de Detec\u00e7\u00e3o de Desmatamento em Tempo Real (Deter), que produz sinais di\u00e1rios de altera\u00e7\u00e3o na cobertura florestal para \u00e1reas maiores que 3 hectares (0,03 km\u00b2) \u2013 tanto para \u00e1reas totalmente desmatadas como para aquelas em processo de degrada\u00e7\u00e3o florestal (por explora\u00e7\u00e3o de madeira, minera\u00e7\u00e3o, queimadas e outras).<\/strong><\/p>\n<\/div>\n<\/div>\n<div id=\"chunk-bjc4j\">\n<div class=\"mc-column content-text active-extra-styles \" data-block-type=\"unstyled\" data-block-weight=\"31\" data-block-id=\"9\">\n<p class=\"content-text__container \" data-track-category=\"Link no Texto\" data-track-links=\"\"><strong>A Amaz\u00f4nia Legal corresponde a 59% do territ\u00f3rio brasileiro, e engloba a \u00e1rea total de 8 estados (Acre, Amap\u00e1, Amazonas, Mato Grosso, Par\u00e1, Rond\u00f4nia, Roraima e Tocantins) e parte do Maranh\u00e3o.<\/strong><\/p>\n<\/div>\n<\/div>\n<div id=\"chunk-e2quh\">\n<div class=\"mc-column content-text active-extra-styles \" data-block-type=\"unstyled\" data-block-weight=\"21\" data-block-id=\"10\">\n<p class=\"content-text__container \" data-track-category=\"Link no Texto\" data-track-links=\"\"><strong>Por enquanto, os estados que mais desmataram em fevereiro s\u00e3o Mato Grosso (129 km\u00b2), Par\u00e1 (34 km\u00b2) e Amazonas (23 km\u00b2). Fonte G1<\/strong><\/p>\n<\/div>\n<\/div>\n<\/div>\n<\/div>\n","protected":false},"excerpt":{"rendered":"<p>Fevereiro ainda n\u00e3o terminou e os alertas de desmatamento na Amaz\u00f4nia Legal j\u00e1 bateram recorde para o m\u00eas. Os dados, divulgados pelo Instituto de Pesquisas Espaciais (Inpe), apontam que 209 km\u00b2 foram desmatados at\u00e9 o dia 17 de fevereiro &#8211; a maior marca para o m\u00eas em toda a s\u00e9rie hist\u00f3rica, iniciada em 2015. Os [&hellip;]<\/p>\n","protected":false},"author":2,"featured_media":108028,"comment_status":"open","ping_status":"open","sticky":false,"template":"","format":"standard","meta":{"footnotes":"","_links_to":"","_links_to_target":""},"categories":[1],"tags":[],"class_list":["post-108027","post","type-post","status-publish","format-standard","has-post-thumbnail","hentry","category-geral"],"views":730,"_links":{"self":[{"href":"https:\/\/www.sudoestehoje.com.br\/novoportal\/wp-json\/wp\/v2\/posts\/108027","targetHints":{"allow":["GET"]}}],"collection":[{"href":"https:\/\/www.sudoestehoje.com.br\/novoportal\/wp-json\/wp\/v2\/posts"}],"about":[{"href":"https:\/\/www.sudoestehoje.com.br\/novoportal\/wp-json\/wp\/v2\/types\/post"}],"author":[{"embeddable":true,"href":"https:\/\/www.sudoestehoje.com.br\/novoportal\/wp-json\/wp\/v2\/users\/2"}],"replies":[{"embeddable":true,"href":"https:\/\/www.sudoestehoje.com.br\/novoportal\/wp-json\/wp\/v2\/comments?post=108027"}],"version-history":[{"count":2,"href":"https:\/\/www.sudoestehoje.com.br\/novoportal\/wp-json\/wp\/v2\/posts\/108027\/revisions"}],"predecessor-version":[{"id":108030,"href":"https:\/\/www.sudoestehoje.com.br\/novoportal\/wp-json\/wp\/v2\/posts\/108027\/revisions\/108030"}],"wp:featuredmedia":[{"embeddable":true,"href":"https:\/\/www.sudoestehoje.com.br\/novoportal\/wp-json\/wp\/v2\/media\/108028"}],"wp:attachment":[{"href":"https:\/\/www.sudoestehoje.com.br\/novoportal\/wp-json\/wp\/v2\/media?parent=108027"}],"wp:term":[{"taxonomy":"category","embeddable":true,"href":"https:\/\/www.sudoestehoje.com.br\/novoportal\/wp-json\/wp\/v2\/categories?post=108027"},{"taxonomy":"post_tag","embeddable":true,"href":"https:\/\/www.sudoestehoje.com.br\/novoportal\/wp-json\/wp\/v2\/tags?post=108027"}],"curies":[{"name":"wp","href":"https:\/\/api.w.org\/{rel}","templated":true}]}}