
{"id":108024,"date":"2023-02-24T05:52:37","date_gmt":"2023-02-24T08:52:37","guid":{"rendered":"https:\/\/www.sudoestehoje.com.br\/novoportal\/?p=108024"},"modified":"2023-02-23T23:59:13","modified_gmt":"2023-02-24T02:59:13","slug":"la-vem-bomba-litro-da-gasolina-tera-impacto-de-r-068-com-fim-da-desoneracao","status":"publish","type":"post","link":"https:\/\/www.sudoestehoje.com.br\/novoportal\/2023\/02\/24\/la-vem-bomba-litro-da-gasolina-tera-impacto-de-r-068-com-fim-da-desoneracao\/","title":{"rendered":"L\u00c1 VEM BOMBA! | LITRO DA GASOLINA TER\u00c1 IMPACTO DE R$ 0,68 COM FIM DA DESONERA\u00c7\u00c3O"},"content":{"rendered":"<p><a href=\"https:\/\/www.sudoestehoje.com.br\/novoportal\/wp-content\/uploads\/2023\/02\/Posto-combustivel-gasolina-alcool-diesel-petrobras-4-e1659127988720.webp\"><img loading=\"lazy\" decoding=\"async\" class=\"aligncenter size-medium wp-image-108025\" src=\"https:\/\/www.sudoestehoje.com.br\/novoportal\/wp-content\/uploads\/2023\/02\/Posto-combustivel-gasolina-alcool-diesel-petrobras-4-e1659127988720-500x281.webp\" alt=\"\" width=\"500\" height=\"281\" srcset=\"https:\/\/www.sudoestehoje.com.br\/novoportal\/wp-content\/uploads\/2023\/02\/Posto-combustivel-gasolina-alcool-diesel-petrobras-4-e1659127988720-500x281.webp 500w, https:\/\/www.sudoestehoje.com.br\/novoportal\/wp-content\/uploads\/2023\/02\/Posto-combustivel-gasolina-alcool-diesel-petrobras-4-e1659127988720-700x394.webp 700w, https:\/\/www.sudoestehoje.com.br\/novoportal\/wp-content\/uploads\/2023\/02\/Posto-combustivel-gasolina-alcool-diesel-petrobras-4-e1659127988720-768x432.webp 768w, https:\/\/www.sudoestehoje.com.br\/novoportal\/wp-content\/uploads\/2023\/02\/Posto-combustivel-gasolina-alcool-diesel-petrobras-4-e1659127988720.webp 1280w\" sizes=\"auto, (max-width: 500px) 100vw, 500px\" \/><\/a><\/p>\n<p><strong>A desonera\u00e7\u00e3o dos tributos federais sobre gasolina e etanol tem vig\u00eancia at\u00e9 a pr\u00f3xima ter\u00e7a-feira (28). A sinaliza\u00e7\u00e3o do Minist\u00e9rio da Fazenda \u00e9 de que a medida n\u00e3o ser\u00e1 prorrogada, o que implicaria em um aumento de R$ 0,68 pelo litro, segundo a Associa\u00e7\u00e3o Brasileira dos Importadores de Combust\u00edveis (Abicom).<\/strong><\/p>\n<p><strong>Ainda nesta quinta-feira (23), o novo presidente da Petrobras, Jean Paul Prates, tem audi\u00eancia com o presidente Lula para tratar da quest\u00e3o. De acordo com a Abicom, a estatal petrol\u00edfera opera atualmente com pre\u00e7os acima do mercado internacional, tendo margem para absorber em parte a volta dos tributos. A diferen\u00e7a seria de 8% (R$ 0,23 por litro) na gasolina e 7% (0,25 por litro) no diesel.<\/strong><\/p>\n<p><strong>A associa\u00e7\u00e3o afirma que, sem a prorroga\u00e7\u00e3o da isen\u00e7\u00e3o, a volta dos impostos no pre\u00e7o da gasolina nas refinarias ser\u00e1 de R$ 0,79 pelo PIS\/Cofins e de R$ 0,10 pela Cide. Nos postos, ap\u00f3s a mistura do etanol, o reajuste cai para R$ 0,68 por litro. J\u00e1 o etanol hidratado, com a mistura de 27% por litro de gasolina, deve subir R$ 0,24 por litro nos postos.\u00a0<em>Fonte: CNN Brasil<\/em><\/strong><\/p>\n","protected":false},"excerpt":{"rendered":"<p>A desonera\u00e7\u00e3o dos tributos federais sobre gasolina e etanol tem vig\u00eancia at\u00e9 a pr\u00f3xima ter\u00e7a-feira (28). A sinaliza\u00e7\u00e3o do Minist\u00e9rio da Fazenda \u00e9 de que a medida n\u00e3o ser\u00e1 prorrogada, o que implicaria em um aumento de R$ 0,68 pelo litro, segundo a Associa\u00e7\u00e3o Brasileira dos Importadores de Combust\u00edveis (Abicom). Ainda nesta quinta-feira (23), o [&hellip;]<\/p>\n","protected":false},"author":2,"featured_media":108025,"comment_status":"open","ping_status":"open","sticky":false,"template":"","format":"standard","meta":{"footnotes":"","_links_to":"","_links_to_target":""},"categories":[1],"tags":[],"class_list":["post-108024","post","type-post","status-publish","format-standard","has-post-thumbnail","hentry","category-geral"],"views":697,"_links":{"self":[{"href":"https:\/\/www.sudoestehoje.com.br\/novoportal\/wp-json\/wp\/v2\/posts\/108024","targetHints":{"allow":["GET"]}}],"collection":[{"href":"https:\/\/www.sudoestehoje.com.br\/novoportal\/wp-json\/wp\/v2\/posts"}],"about":[{"href":"https:\/\/www.sudoestehoje.com.br\/novoportal\/wp-json\/wp\/v2\/types\/post"}],"author":[{"embeddable":true,"href":"https:\/\/www.sudoestehoje.com.br\/novoportal\/wp-json\/wp\/v2\/users\/2"}],"replies":[{"embeddable":true,"href":"https:\/\/www.sudoestehoje.com.br\/novoportal\/wp-json\/wp\/v2\/comments?post=108024"}],"version-history":[{"count":1,"href":"https:\/\/www.sudoestehoje.com.br\/novoportal\/wp-json\/wp\/v2\/posts\/108024\/revisions"}],"predecessor-version":[{"id":108026,"href":"https:\/\/www.sudoestehoje.com.br\/novoportal\/wp-json\/wp\/v2\/posts\/108024\/revisions\/108026"}],"wp:featuredmedia":[{"embeddable":true,"href":"https:\/\/www.sudoestehoje.com.br\/novoportal\/wp-json\/wp\/v2\/media\/108025"}],"wp:attachment":[{"href":"https:\/\/www.sudoestehoje.com.br\/novoportal\/wp-json\/wp\/v2\/media?parent=108024"}],"wp:term":[{"taxonomy":"category","embeddable":true,"href":"https:\/\/www.sudoestehoje.com.br\/novoportal\/wp-json\/wp\/v2\/categories?post=108024"},{"taxonomy":"post_tag","embeddable":true,"href":"https:\/\/www.sudoestehoje.com.br\/novoportal\/wp-json\/wp\/v2\/tags?post=108024"}],"curies":[{"name":"wp","href":"https:\/\/api.w.org\/{rel}","templated":true}]}}